{"id":6087,"date":"2025-10-17T07:50:34","date_gmt":"2025-10-17T06:50:34","guid":{"rendered":"https:\/\/aytoanchuelo.com\/?p=6087"},"modified":"2025-10-17T07:50:35","modified_gmt":"2025-10-17T06:50:35","slug":"incorporacion-de-paradas-en-la-linea-interurbana-275","status":"publish","type":"post","link":"https:\/\/aytoanchuelo.com\/index.php\/2025\/10\/17\/incorporacion-de-paradas-en-la-linea-interurbana-275\/","title":{"rendered":"INCORPORACION DE PARADAS EN LA L\u00cdNEA INTERURBANA 275"},"content":{"rendered":"\n<p>? El Consorcio de Transportes ha comunicado la incorporaci\u00f3n de nuevas paradas en la l\u00ednea interurbana 275. Esta l\u00ednea conecta Alcal\u00e1 y Los Santos de la Humosa y pasa por Anchuelo.<\/p>\n\n\n\n<p>\u2139\ufe0f Para conocer la ubicaci\u00f3n exacta de las nuevas paradas, consulte el documento adjunto.<\/p>\n\n\n\n<p><strong>Datos clave<\/strong><\/p>\n\n\n\n<ul class=\"wp-block-list\">\n<li><strong>Emisor:<\/strong>\u00a0Consorcio de Transportes<\/li>\n\n\n\n<li><strong>L\u00ednea:<\/strong>\u00a0275<\/li>\n\n\n\n<li><strong>Trayecto:<\/strong>\u00a0Alcal\u00e1 &#8211; Los Santos de la Humosa &#8211; Alcal\u00e1<\/li>\n\n\n\n<li><strong>Municipio afectado:<\/strong>\u00a0Anchuelo<\/li>\n\n\n\n<li><strong>Documentaci\u00f3n:<\/strong>\u00a0documento adjunto<\/li>\n<\/ul>\n\n\n\n<div data-wp-interactive=\"core\/file\" class=\"wp-block-file\"><object data-wp-bind--hidden=\"!state.hasPdfPreview\" hidden class=\"wp-block-file__embed\" data=\"https:\/\/aytoanchuelo.com\/wp-content\/uploads\/2025\/10\/INCORPORACION-PARADAS-AUTOBUS-LINEA-275.pdf\" type=\"application\/pdf\" style=\"width:100%;height:600px\" aria-label=\"Incrustado de INCORPORACION PARADAS AUTOBUS LINEA 275.\"><\/object><a id=\"wp-block-file--media-a283d2de-9311-49cb-bf0e-fd85287a12df\" href=\"https:\/\/aytoanchuelo.com\/wp-content\/uploads\/2025\/10\/INCORPORACION-PARADAS-AUTOBUS-LINEA-275.pdf\">INCORPORACION PARADAS AUTOBUS LINEA 275<\/a><a href=\"https:\/\/aytoanchuelo.com\/wp-content\/uploads\/2025\/10\/INCORPORACION-PARADAS-AUTOBUS-LINEA-275.pdf\" class=\"wp-block-file__button wp-element-button\" download aria-describedby=\"wp-block-file--media-a283d2de-9311-49cb-bf0e-fd85287a12df\">Descarga<\/a><\/div>\n","protected":false},"excerpt":{"rendered":"<p>? El Consorcio de Transportes ha comunicado la incorporaci\u00f3n de nuevas paradas en la l\u00ednea interurbana 275. Esta l\u00ednea conecta Alcal\u00e1 y Los Santos de la Humosa y pasa por Anchuelo. \u2139\ufe0f Para conocer la ubicaci\u00f3n exacta de las nuevas paradas, consulte el documento adjunto. Datos clave<\/p>\n","protected":false},"author":2,"featured_media":0,"comment_status":"closed","ping_status":"closed","sticky":false,"template":"","format":"standard","meta":{"_coblocks_attr":"","_coblocks_dimensions":"","_coblocks_responsive_height":"","_coblocks_accordion_ie_support":"","footnotes":""},"categories":[35,77],"tags":[],"class_list":["post-6087","post","type-post","status-publish","format-standard","hentry","category-noticias","category-transporte"],"_links":{"self":[{"href":"https:\/\/aytoanchuelo.com\/index.php\/wp-json\/wp\/v2\/posts\/6087","targetHints":{"allow":["GET"]}}],"collection":[{"href":"https:\/\/aytoanchuelo.com\/index.php\/wp-json\/wp\/v2\/posts"}],"about":[{"href":"https:\/\/aytoanchuelo.com\/index.php\/wp-json\/wp\/v2\/types\/post"}],"author":[{"embeddable":true,"href":"https:\/\/aytoanchuelo.com\/index.php\/wp-json\/wp\/v2\/users\/2"}],"replies":[{"embeddable":true,"href":"https:\/\/aytoanchuelo.com\/index.php\/wp-json\/wp\/v2\/comments?post=6087"}],"version-history":[{"count":1,"href":"https:\/\/aytoanchuelo.com\/index.php\/wp-json\/wp\/v2\/posts\/6087\/revisions"}],"predecessor-version":[{"id":6089,"href":"https:\/\/aytoanchuelo.com\/index.php\/wp-json\/wp\/v2\/posts\/6087\/revisions\/6089"}],"wp:attachment":[{"href":"https:\/\/aytoanchuelo.com\/index.php\/wp-json\/wp\/v2\/media?parent=6087"}],"wp:term":[{"taxonomy":"category","embeddable":true,"href":"https:\/\/aytoanchuelo.com\/index.php\/wp-json\/wp\/v2\/categories?post=6087"},{"taxonomy":"post_tag","embeddable":true,"href":"https:\/\/aytoanchuelo.com\/index.php\/wp-json\/wp\/v2\/tags?post=6087"}],"curies":[{"name":"wp","href":"https:\/\/api.w.org\/{rel}","templated":true}]}}