{"id":6080,"date":"2025-09-30T15:46:37","date_gmt":"2025-09-30T14:46:37","guid":{"rendered":"https:\/\/aytoanchuelo.com\/?p=6080"},"modified":"2025-09-30T15:46:38","modified_gmt":"2025-09-30T14:46:38","slug":"desvio-de-lineas-de-autobuses-por-corte-en-m-300","status":"publish","type":"post","link":"https:\/\/aytoanchuelo.com\/index.php\/2025\/09\/30\/desvio-de-lineas-de-autobuses-por-corte-en-m-300\/","title":{"rendered":"DESV\u00cdO DE L\u00cdNEAS DE AUTOBUSES POR CORTE EN M-300"},"content":{"rendered":"\n<p>Con motivo del corte del Puente del Zulema el Consorcio de Transportes de Madrid, remite el&nbsp;<strong>INFORME: DEVIO DE L\u00cdNEAS REGULARES DE TRANSPORTE POR CORTE EN LA M-300.<\/strong><\/p>\n\n\n\n<p>Quedan eliminadas las paradas actuales en la M 300 del cementerio y las paradas del Gurug\u00fa.<\/p>\n\n\n\n<p>\u00c9stas \u00faltimas ser\u00e1n sustituidas por las paradas actuales en los Hueros.<\/p>\n\n\n\n<p>El desv\u00edo planteado, y \u00fanico posible, implica que los servicios de las diferentes l\u00edneas afectados por el corte, incrementen su longitud en unos 15 KM, y el tiempo de viaje en 15\/20 minutos, dependiendo de la situaci\u00f3n del tr\u00e1fico.<\/p>\n\n\n\n<p>Con objeto de minimizar el impacto que esta obra va a suponer a los usuarios se establecer\u00e1n nuevos horarios, que comenzar\u00e1n el pr\u00f3ximo d\u00eda 6, inicio de las obras.<\/p>\n\n\n\n<p>Se detallan en el adjunto&nbsp;los horarios durante el periodo de corte:<\/p>\n\n\n\n<div data-wp-interactive=\"core\/file\" class=\"wp-block-file\"><object data-wp-bind--hidden=\"!state.hasPdfPreview\" hidden class=\"wp-block-file__embed\" data=\"https:\/\/aytoanchuelo.com\/wp-content\/uploads\/2025\/09\/Consorcio-Transportes-corte-M-300.pdf\" type=\"application\/pdf\" style=\"width:100%;height:600px\" aria-label=\"Incrustado de Consorcio-Transportes-corte-M-300.\"><\/object><a id=\"wp-block-file--media-868673d2-fec3-40ce-b51b-65d7e2360d9c\" href=\"https:\/\/aytoanchuelo.com\/wp-content\/uploads\/2025\/09\/Consorcio-Transportes-corte-M-300.pdf\">Consorcio-Transportes-corte-M-300<\/a><a href=\"https:\/\/aytoanchuelo.com\/wp-content\/uploads\/2025\/09\/Consorcio-Transportes-corte-M-300.pdf\" class=\"wp-block-file__button wp-element-button\" download aria-describedby=\"wp-block-file--media-868673d2-fec3-40ce-b51b-65d7e2360d9c\">Descarga<\/a><\/div>\n","protected":false},"excerpt":{"rendered":"<p>Con motivo del corte del Puente del Zulema el Consorcio de Transportes de Madrid, remite el&nbsp;INFORME: DEVIO DE L\u00cdNEAS REGULARES DE TRANSPORTE POR CORTE EN LA M-300. Quedan eliminadas las paradas actuales en la M 300 del cementerio y las paradas del Gurug\u00fa. \u00c9stas \u00faltimas ser\u00e1n sustituidas por las paradas [&hellip;]<\/p>\n","protected":false},"author":2,"featured_media":0,"comment_status":"closed","ping_status":"closed","sticky":false,"template":"","format":"standard","meta":{"_coblocks_attr":"","_coblocks_dimensions":"","_coblocks_responsive_height":"","_coblocks_accordion_ie_support":"","footnotes":""},"categories":[35,90,77],"tags":[],"class_list":["post-6080","post","type-post","status-publish","format-standard","hentry","category-noticias","category-obras","category-transporte"],"_links":{"self":[{"href":"https:\/\/aytoanchuelo.com\/index.php\/wp-json\/wp\/v2\/posts\/6080","targetHints":{"allow":["GET"]}}],"collection":[{"href":"https:\/\/aytoanchuelo.com\/index.php\/wp-json\/wp\/v2\/posts"}],"about":[{"href":"https:\/\/aytoanchuelo.com\/index.php\/wp-json\/wp\/v2\/types\/post"}],"author":[{"embeddable":true,"href":"https:\/\/aytoanchuelo.com\/index.php\/wp-json\/wp\/v2\/users\/2"}],"replies":[{"embeddable":true,"href":"https:\/\/aytoanchuelo.com\/index.php\/wp-json\/wp\/v2\/comments?post=6080"}],"version-history":[{"count":1,"href":"https:\/\/aytoanchuelo.com\/index.php\/wp-json\/wp\/v2\/posts\/6080\/revisions"}],"predecessor-version":[{"id":6082,"href":"https:\/\/aytoanchuelo.com\/index.php\/wp-json\/wp\/v2\/posts\/6080\/revisions\/6082"}],"wp:attachment":[{"href":"https:\/\/aytoanchuelo.com\/index.php\/wp-json\/wp\/v2\/media?parent=6080"}],"wp:term":[{"taxonomy":"category","embeddable":true,"href":"https:\/\/aytoanchuelo.com\/index.php\/wp-json\/wp\/v2\/categories?post=6080"},{"taxonomy":"post_tag","embeddable":true,"href":"https:\/\/aytoanchuelo.com\/index.php\/wp-json\/wp\/v2\/tags?post=6080"}],"curies":[{"name":"wp","href":"https:\/\/api.w.org\/{rel}","templated":true}]}}