{"id":6074,"date":"2025-09-30T15:38:47","date_gmt":"2025-09-30T14:38:47","guid":{"rendered":"https:\/\/aytoanchuelo.com\/?p=6074"},"modified":"2025-09-30T15:38:47","modified_gmt":"2025-09-30T14:38:47","slug":"corte-total-temporal-y-desvio-alternativo-de-la-carretera-m-300-p-k-25400-por-los-trabajos-de-reparacion-y-ensanche-de-la-plataforma-del-puente-sobre-el-rio-henares-en-alcala-de-henares","status":"publish","type":"post","link":"https:\/\/aytoanchuelo.com\/index.php\/2025\/09\/30\/corte-total-temporal-y-desvio-alternativo-de-la-carretera-m-300-p-k-25400-por-los-trabajos-de-reparacion-y-ensanche-de-la-plataforma-del-puente-sobre-el-rio-henares-en-alcala-de-henares\/","title":{"rendered":"Corte total temporal y desv\u00edo alternativo de la carretera M-300 P.K.: 25+400 por los trabajos de reparaci\u00f3n y ensanche de la plataforma del puente sobre el R\u00edo Henares en Alcal\u00e1 de Henares"},"content":{"rendered":"\n<p>La Comunidad de Madrid comenzar\u00e1 el pr\u00f3ximo lunes,<strong>&nbsp;6 de octubre<\/strong>, la segunda fase de las obras de rehabilitaci\u00f3n del Puente del Zulema, que conecta Alcal\u00e1 de Henares con anchuelo por la M-300, que tendr\u00e1 una&nbsp;<strong>duraci\u00f3n de prevista de 5 semanas, el corte ser\u00e1 total al tr\u00e1fico en el puente<\/strong>.&nbsp;<\/p>\n\n\n\n<p>Los trabajos previstos son el&nbsp;ensanche del tablero del puente, en la que se ejecutar\u00e1 la ampliaci\u00f3n de la plataforma existente aumentando el acerado y los carriles de circulaci\u00f3n.<\/p>\n\n\n\n<p>Para ello se realizar\u00e1 un itinerario alternativo de tr\u00e1fico en la carretera M-300 a trav\u00e9s de la M-224 y M-203. Dicho desv\u00edo viene reflejado en los croquis que se adjuntan.<\/p>\n\n\n\n<div data-wp-interactive=\"core\/file\" class=\"wp-block-file\"><object data-wp-bind--hidden=\"!state.hasPdfPreview\" hidden class=\"wp-block-file__embed\" data=\"https:\/\/aytoanchuelo.com\/wp-content\/uploads\/2025\/09\/UMUx5PLANOS_AFECCIONES_AL_TRAFICO_-_EST._146_v03.pdf\" type=\"application\/pdf\" style=\"width:100%;height:600px\" aria-label=\"Incrustado de UMUx5PLANOS_AFECCIONES_AL_TRAFICO_-_EST._146_v03.\"><\/object><a id=\"wp-block-file--media-bbdde8a5-91ff-40af-9dae-da583d5c14aa\" href=\"https:\/\/aytoanchuelo.com\/wp-content\/uploads\/2025\/09\/UMUx5PLANOS_AFECCIONES_AL_TRAFICO_-_EST._146_v03.pdf\">UMUx5PLANOS_AFECCIONES_AL_TRAFICO_-_EST._146_v03<\/a><a href=\"https:\/\/aytoanchuelo.com\/wp-content\/uploads\/2025\/09\/UMUx5PLANOS_AFECCIONES_AL_TRAFICO_-_EST._146_v03.pdf\" class=\"wp-block-file__button wp-element-button\" download aria-describedby=\"wp-block-file--media-bbdde8a5-91ff-40af-9dae-da583d5c14aa\">Descarga<\/a><\/div>\n","protected":false},"excerpt":{"rendered":"<p>La Comunidad de Madrid comenzar\u00e1 el pr\u00f3ximo lunes,&nbsp;6 de octubre, la segunda fase de las obras de rehabilitaci\u00f3n del Puente del Zulema, que conecta Alcal\u00e1 de Henares con anchuelo por la M-300, que tendr\u00e1 una&nbsp;duraci\u00f3n de prevista de 5 semanas, el corte ser\u00e1 total al tr\u00e1fico en el puente.&nbsp; Los [&hellip;]<\/p>\n","protected":false},"author":2,"featured_media":0,"comment_status":"closed","ping_status":"closed","sticky":false,"template":"","format":"standard","meta":{"_coblocks_attr":"","_coblocks_dimensions":"","_coblocks_responsive_height":"","_coblocks_accordion_ie_support":"","footnotes":""},"categories":[35,90],"tags":[],"class_list":["post-6074","post","type-post","status-publish","format-standard","hentry","category-noticias","category-obras"],"_links":{"self":[{"href":"https:\/\/aytoanchuelo.com\/index.php\/wp-json\/wp\/v2\/posts\/6074","targetHints":{"allow":["GET"]}}],"collection":[{"href":"https:\/\/aytoanchuelo.com\/index.php\/wp-json\/wp\/v2\/posts"}],"about":[{"href":"https:\/\/aytoanchuelo.com\/index.php\/wp-json\/wp\/v2\/types\/post"}],"author":[{"embeddable":true,"href":"https:\/\/aytoanchuelo.com\/index.php\/wp-json\/wp\/v2\/users\/2"}],"replies":[{"embeddable":true,"href":"https:\/\/aytoanchuelo.com\/index.php\/wp-json\/wp\/v2\/comments?post=6074"}],"version-history":[{"count":1,"href":"https:\/\/aytoanchuelo.com\/index.php\/wp-json\/wp\/v2\/posts\/6074\/revisions"}],"predecessor-version":[{"id":6076,"href":"https:\/\/aytoanchuelo.com\/index.php\/wp-json\/wp\/v2\/posts\/6074\/revisions\/6076"}],"wp:attachment":[{"href":"https:\/\/aytoanchuelo.com\/index.php\/wp-json\/wp\/v2\/media?parent=6074"}],"wp:term":[{"taxonomy":"category","embeddable":true,"href":"https:\/\/aytoanchuelo.com\/index.php\/wp-json\/wp\/v2\/categories?post=6074"},{"taxonomy":"post_tag","embeddable":true,"href":"https:\/\/aytoanchuelo.com\/index.php\/wp-json\/wp\/v2\/tags?post=6074"}],"curies":[{"name":"wp","href":"https:\/\/api.w.org\/{rel}","templated":true}]}}