{"id":6063,"date":"2025-09-24T09:08:25","date_gmt":"2025-09-24T08:08:25","guid":{"rendered":"https:\/\/aytoanchuelo.com\/?p=6063"},"modified":"2025-09-24T09:08:26","modified_gmt":"2025-09-24T08:08:26","slug":"el-ayuntamiento-de-anchuelo-reorganiza-su-equipo-de-gobierno-para-mejorar-la-gestion-municipal","status":"publish","type":"post","link":"https:\/\/aytoanchuelo.com\/index.php\/2025\/09\/24\/el-ayuntamiento-de-anchuelo-reorganiza-su-equipo-de-gobierno-para-mejorar-la-gestion-municipal\/","title":{"rendered":"El Ayuntamiento de Anchuelo reorganiza su equipo de gobierno para mejorar la gesti\u00f3n municipal"},"content":{"rendered":"\n<p>El alcalde-presidente del Ayuntamiento de Anchuelo, Javier Doncel Fern\u00e1ndez, ha firmado esta ma\u00f1ana los decretos que reorganizan la estructura del gobierno municipal tras la incorporaci\u00f3n del nuevo concejal Francisco Javier Juste Mart\u00edn, quien ha tomado posesi\u00f3n de su cargo en sustituci\u00f3n de Antonio S\u00e1nchez Huete, que present\u00f3 su renuncia por motivos de edad.<\/p>\n\n\n\n<p>La nueva organizaci\u00f3n del equipo de gobierno busca una distribuci\u00f3n m\u00e1s eficiente de las competencias municipales y una mejor coordinaci\u00f3n entre las distintas \u00e1reas de gesti\u00f3n, con el objetivo de ofrecer un servicio p\u00fablico de mayor calidad a los vecinos de Anchuelo.<\/p>\n\n\n\n<h2 class=\"wp-block-heading\">Nueva estructura del gobierno municipal<\/h2>\n\n\n\n<p>La reorganizaci\u00f3n establece la siguiente estructura de concejal\u00edas delegadas:<\/p>\n\n\n\n<p><strong>Jorge D\u00edaz Flores<\/strong> pasa a ostentar el cargo de primer teniente de alcalde y asume la Concejal\u00eda de Hacienda, Coordinaci\u00f3n Institucional y Educaci\u00f3n, con competencias en \u00e1reas estrat\u00e9gicas como la coordinaci\u00f3n del equipo de gobierno, hacienda municipal, personal, nuevas tecnolog\u00edas, desarrollo econ\u00f3mico, educaci\u00f3n y deportes, entre otras.<\/p>\n\n\n\n<p><strong>Montserrat Alarc\u00f3n Alen<\/strong> se convierte en segunda teniente de alcalde y dirigir\u00e1 la Concejal\u00eda de Cultura, Festejos y Medio Ambiente, que incluye la gesti\u00f3n del patrimonio cultural, los festejos populares y taurinos, el medio ambiente, la protecci\u00f3n civil y la seguridad ciudadana.<\/p>\n\n\n\n<p><strong>Sharon Murgu\u00eda Cortez<\/strong> continuar\u00e1 al frente de la Concejal\u00eda de Familia, Bienestar Social y Salud, manteniendo las competencias en servicios sociales, atenci\u00f3n a la familia, promoci\u00f3n de la salud y juventud.<\/p>\n\n\n\n<p><strong>Francisco Jos\u00e9 Juste Mart\u00edn<\/strong>, como nuevo miembro del equipo de gobierno, asume la Concejal\u00eda de Mantenimiento Municipal, Urbanismo y Vivienda, que abarca el urbanismo, las obras p\u00fablicas, el mantenimiento de infraestructuras municipales, la gesti\u00f3n de residuos y la movilidad.<\/p>\n\n\n\n<h2 class=\"wp-block-heading\">Fortalecimiento de la gesti\u00f3n municipal<\/h2>\n\n\n\n<p>El alcalde Javier Doncel ha destacado que esta reorganizaci\u00f3n \u00abresponde a la necesidad de adaptar la estructura municipal a los nuevos retos y demandas de nuestros vecinos, garantizando una gesti\u00f3n m\u00e1s \u00e1gil y eficaz de los servicios p\u00fablicos\u00bb.<\/p>\n\n\n\n<p>La nueva distribuci\u00f3n de competencias permite una especializaci\u00f3n mayor de cada \u00e1rea y establece mecanismos de coordinaci\u00f3n m\u00e1s claros entre las distintas concejal\u00edas, especialmente en aquellas materias que requieren una gesti\u00f3n transversal.<\/p>\n\n\n\n<h2 class=\"wp-block-heading\">Continuidad en el servicio<\/h2>\n\n\n\n<p>Durante el proceso de reorganizaci\u00f3n se ha garantizado la continuidad en la prestaci\u00f3n de todos los servicios municipales. Los ciudadanos pueden seguir dirigi\u00e9ndose a las dependencias municipales con total normalidad para la realizaci\u00f3n de cualquier tr\u00e1mite o gesti\u00f3n.<\/p>\n\n\n\n<p><\/p>\n","protected":false},"excerpt":{"rendered":"<p>El alcalde-presidente del Ayuntamiento de Anchuelo, Javier Doncel Fern\u00e1ndez, ha firmado esta ma\u00f1ana los decretos que reorganizan la estructura del gobierno municipal tras la incorporaci\u00f3n del nuevo concejal Francisco Javier Juste Mart\u00edn, quien ha tomado posesi\u00f3n de su cargo en sustituci\u00f3n de Antonio S\u00e1nchez Huete, que present\u00f3 su renuncia por [&hellip;]<\/p>\n","protected":false},"author":1,"featured_media":0,"comment_status":"closed","ping_status":"closed","sticky":false,"template":"","format":"standard","meta":{"_coblocks_attr":"","_coblocks_dimensions":"","_coblocks_responsive_height":"","_coblocks_accordion_ie_support":"","footnotes":""},"categories":[35],"tags":[],"class_list":["post-6063","post","type-post","status-publish","format-standard","hentry","category-noticias"],"_links":{"self":[{"href":"https:\/\/aytoanchuelo.com\/index.php\/wp-json\/wp\/v2\/posts\/6063","targetHints":{"allow":["GET"]}}],"collection":[{"href":"https:\/\/aytoanchuelo.com\/index.php\/wp-json\/wp\/v2\/posts"}],"about":[{"href":"https:\/\/aytoanchuelo.com\/index.php\/wp-json\/wp\/v2\/types\/post"}],"author":[{"embeddable":true,"href":"https:\/\/aytoanchuelo.com\/index.php\/wp-json\/wp\/v2\/users\/1"}],"replies":[{"embeddable":true,"href":"https:\/\/aytoanchuelo.com\/index.php\/wp-json\/wp\/v2\/comments?post=6063"}],"version-history":[{"count":1,"href":"https:\/\/aytoanchuelo.com\/index.php\/wp-json\/wp\/v2\/posts\/6063\/revisions"}],"predecessor-version":[{"id":6064,"href":"https:\/\/aytoanchuelo.com\/index.php\/wp-json\/wp\/v2\/posts\/6063\/revisions\/6064"}],"wp:attachment":[{"href":"https:\/\/aytoanchuelo.com\/index.php\/wp-json\/wp\/v2\/media?parent=6063"}],"wp:term":[{"taxonomy":"category","embeddable":true,"href":"https:\/\/aytoanchuelo.com\/index.php\/wp-json\/wp\/v2\/categories?post=6063"},{"taxonomy":"post_tag","embeddable":true,"href":"https:\/\/aytoanchuelo.com\/index.php\/wp-json\/wp\/v2\/tags?post=6063"}],"curies":[{"name":"wp","href":"https:\/\/api.w.org\/{rel}","templated":true}]}}