{"id":6054,"date":"2025-09-16T06:36:46","date_gmt":"2025-09-16T05:36:46","guid":{"rendered":"https:\/\/aytoanchuelo.com\/?p=6054"},"modified":"2025-09-16T06:36:47","modified_gmt":"2025-09-16T05:36:47","slug":"medidas-sanitarias-preventivas-por-confirmacion-de-foco-de-influenza-aviar-altamente-patogena-en-la-provincia-de-guadalajara","status":"publish","type":"post","link":"https:\/\/aytoanchuelo.com\/index.php\/2025\/09\/16\/medidas-sanitarias-preventivas-por-confirmacion-de-foco-de-influenza-aviar-altamente-patogena-en-la-provincia-de-guadalajara\/","title":{"rendered":"Medidas sanitarias preventivas por confirmaci\u00f3n de foco de influenza aviar altamente pat\u00f3gena en la provincia de Guadalajara."},"content":{"rendered":"\n<p>Por la presente, y en cumplimiento de las disposiciones emanadas de la Direcci\u00f3n General de Agricultura, Ganader\u00eda y Alimentaci\u00f3n de la Comunidad de Madrid, se comunica a todos los vecinos de Anchuelo lo siguiente:<\/p>\n\n\n\n<p>La situaci\u00f3n epidemiol\u00f3gica de la influenza aviar en la Uni\u00f3n Europea ha mostrado en los \u00faltimos a\u00f1os incrementos de riesgo por circulaci\u00f3n del virus en poblaciones de aves silvestres. Lamentablemente, se ha confirmado un foco de influenza aviar altamente pat\u00f3gena en una explotaci\u00f3n de gallinas reproductoras en el municipio de El Pozo (Guadalajara), colindante con nuestra Comunidad.<\/p>\n\n\n\n<p>La influenza aviar es una enfermedad muy grave para las aves que cursa con alta mortalidad y es altamente contagiosa. Su aparici\u00f3n supone una traba para la comercializaci\u00f3n de aves de corral y huevos. Aunque puede afectar espor\u00e1dicamente a mam\u00edferos y al hombre, esto ocurre \u00fanicamente en condiciones de estrecho contacto con aves infectadas. El subtipo H5N1 que afecta actualmente a Europa tiene capacidad zoon\u00f3tica muy reducida y no puede transmitirse al hombre a trav\u00e9s de carne de ave cocinada, huevos o productos procesados.<\/p>\n\n\n\n<p>Como consecuencia de este brote, nuestro municipio queda incluido dentro de las zonas de restricci\u00f3n establecidas por la normativa comunitaria. Aunque estas medidas nos vienen impuestas desde la Comunidad de Madrid y debemos acatarlas, es importante se\u00f1alar que se trata de protocolos est\u00e1ndar que se aplican de manera preventiva.<\/p>\n\n\n\n<p>Desde el momento de publicaci\u00f3n del presente bando y hasta el pr\u00f3ximo 7 de octubre (salvo que se detecten focos secundarios), quedan <strong>PROHIBIDAS<\/strong> las siguientes actividades en nuestro t\u00e9rmino municipal:<\/p>\n\n\n\n<p><strong>Desplazamientos y movimientos:<\/strong><\/p>\n\n\n\n<ul class=\"wp-block-list\">\n<li>Desplazamientos de animales, incluidos los dirigidos hacia establecimientos de la zona restringida<\/li>\n\n\n\n<li>Repoblaci\u00f3n de animales de caza<\/li>\n\n\n\n<li>Desplazamientos de carne fresca de animales silvestres y en cautividad, as\u00ed como productos c\u00e1rnicos desde establecimientos de la zona<\/li>\n\n\n\n<li>Desplazamiento de huevos para consumo humano<\/li>\n\n\n\n<li>Desplazamiento de esti\u00e9rcol, yacija y material de cama usado<\/li>\n\n\n\n<li>Desplazamiento de plumas<\/li>\n<\/ul>\n\n\n\n<p><strong>Actividades comerciales y sociales:<\/strong><\/p>\n\n\n\n<ul class=\"wp-block-list\">\n<li>Ferias, mercados, exposiciones y otras concentraciones animales<\/li>\n\n\n\n<li>Cr\u00eda de aves de corral al aire libre<\/li>\n<\/ul>\n\n\n\n<p><strong>Tr\u00e1nsito a trav\u00e9s de la zona:<\/strong> El transporte de animales y productos podr\u00e1 realizarse \u00fanicamente sin detenerse ni descargar en la zona restringida, priorizando carreteras principales y evitando proximidades de establecimientos con animales.<\/p>\n\n\n\n<p>Queremos tranquilizar a todos los vecinos respecto a la celebraci\u00f3n de nuestras tradicionales Fiestas de la Virgen del Pilar. La suelta de reses programada para el d\u00eda 12 de octubre <strong>NO SE VE AFECTADA<\/strong> por estas restricciones, ya que se refieren espec\u00edficamente a aves de corral y no a ganado bovino. Por tanto, nuestras fiestas se desarrollar\u00e1n con normalidad seg\u00fan el programa establecido.<\/p>\n\n\n\n<p>Se recomienda a todos los ciudadanos minimizar el contacto innecesario con aves que muestren s\u00edntomas cl\u00ednicos o se hallen muertas en el campo, aunque el riesgo de transmisi\u00f3n a personas es muy reducido.<\/p>\n\n\n\n<p>Para cualquier consulta relacionada con estas medidas, pueden contactar directamente con la Consejer\u00eda de Medio Ambiente, Vivienda y Agricultura en el tel\u00e9fono 902024466 o mediante correo electr\u00f3nico <a href=\"mailto:madrid.sanidadanimal@madrid.org\">madrid.sanidadanimal@madrid.org<\/a>.<\/p>\n\n\n\n<p>Pedimos la m\u00e1xima colaboraci\u00f3n ciudadana para el cumplimiento de estas medidas preventivas, que tienen como objetivo proteger tanto la salud animal como la econom\u00eda del sector av\u00edcola regional.<\/p>\n\n\n\n<div data-wp-interactive=\"core\/file\" class=\"wp-block-file\"><object data-wp-bind--hidden=\"!state.hasPdfPreview\" hidden class=\"wp-block-file__embed\" data=\"https:\/\/aytoanchuelo.com\/wp-content\/uploads\/2025\/09\/20250912_Escrito_alcalde_zona_vigilancia__54184174-1.pdf\" type=\"application\/pdf\" style=\"width:100%;height:600px\" aria-label=\"Incrustado de 20250912_Escrito_alcalde_zona_vigilancia__54184174 (1).\"><\/object><a id=\"wp-block-file--media-adb60e3e-7d6b-4303-a91c-a71126ccf042\" href=\"https:\/\/aytoanchuelo.com\/wp-content\/uploads\/2025\/09\/20250912_Escrito_alcalde_zona_vigilancia__54184174-1.pdf\">20250912_Escrito_alcalde_zona_vigilancia__54184174 (1)<\/a><a href=\"https:\/\/aytoanchuelo.com\/wp-content\/uploads\/2025\/09\/20250912_Escrito_alcalde_zona_vigilancia__54184174-1.pdf\" class=\"wp-block-file__button wp-element-button\" download aria-describedby=\"wp-block-file--media-adb60e3e-7d6b-4303-a91c-a71126ccf042\">Descarga<\/a><\/div>\n","protected":false},"excerpt":{"rendered":"<p>Por la presente, y en cumplimiento de las disposiciones emanadas de la Direcci\u00f3n General de Agricultura, Ganader\u00eda y Alimentaci\u00f3n de la Comunidad de Madrid, se comunica a todos los vecinos de Anchuelo lo siguiente: La situaci\u00f3n epidemiol\u00f3gica de la influenza aviar en la Uni\u00f3n Europea ha mostrado en los \u00faltimos [&hellip;]<\/p>\n","protected":false},"author":2,"featured_media":0,"comment_status":"closed","ping_status":"closed","sticky":false,"template":"","format":"standard","meta":{"_coblocks_attr":"","_coblocks_dimensions":"","_coblocks_responsive_height":"","_coblocks_accordion_ie_support":"","footnotes":""},"categories":[35,78],"tags":[],"class_list":["post-6054","post","type-post","status-publish","format-standard","hentry","category-noticias","category-salud"],"_links":{"self":[{"href":"https:\/\/aytoanchuelo.com\/index.php\/wp-json\/wp\/v2\/posts\/6054","targetHints":{"allow":["GET"]}}],"collection":[{"href":"https:\/\/aytoanchuelo.com\/index.php\/wp-json\/wp\/v2\/posts"}],"about":[{"href":"https:\/\/aytoanchuelo.com\/index.php\/wp-json\/wp\/v2\/types\/post"}],"author":[{"embeddable":true,"href":"https:\/\/aytoanchuelo.com\/index.php\/wp-json\/wp\/v2\/users\/2"}],"replies":[{"embeddable":true,"href":"https:\/\/aytoanchuelo.com\/index.php\/wp-json\/wp\/v2\/comments?post=6054"}],"version-history":[{"count":1,"href":"https:\/\/aytoanchuelo.com\/index.php\/wp-json\/wp\/v2\/posts\/6054\/revisions"}],"predecessor-version":[{"id":6056,"href":"https:\/\/aytoanchuelo.com\/index.php\/wp-json\/wp\/v2\/posts\/6054\/revisions\/6056"}],"wp:attachment":[{"href":"https:\/\/aytoanchuelo.com\/index.php\/wp-json\/wp\/v2\/media?parent=6054"}],"wp:term":[{"taxonomy":"category","embeddable":true,"href":"https:\/\/aytoanchuelo.com\/index.php\/wp-json\/wp\/v2\/categories?post=6054"},{"taxonomy":"post_tag","embeddable":true,"href":"https:\/\/aytoanchuelo.com\/index.php\/wp-json\/wp\/v2\/tags?post=6054"}],"curies":[{"name":"wp","href":"https:\/\/api.w.org\/{rel}","templated":true}]}}