{"id":6014,"date":"2025-07-15T12:43:56","date_gmt":"2025-07-15T11:43:56","guid":{"rendered":"https:\/\/aytoanchuelo.com\/?p=6014"},"modified":"2025-07-15T12:43:58","modified_gmt":"2025-07-15T11:43:58","slug":"oficina-de-empleo-movil-en-anchuelo-lunes-28-de-julio-de-1000-a-1300-h-plaza-mayor","status":"publish","type":"post","link":"https:\/\/aytoanchuelo.com\/index.php\/2025\/07\/15\/oficina-de-empleo-movil-en-anchuelo-lunes-28-de-julio-de-1000-a-1300-h-plaza-mayor\/","title":{"rendered":"OFICINA DE EMPLEO M\u00d3VIL EN ANCHUELO. LUNES 28 DE JULIO DE 10:00 A 13:00 H (PLAZA MAYOR)"},"content":{"rendered":"\n<p>El lunes 28 de julio, en horario de 10:00 h a 13:00 h ( en la Plaza Mayor),&nbsp;estar\u00e1 la oficina de empleo m\u00f3vil en Anchuelo, en ella podr\u00e1n realizar las siguientes gestiones:<\/p>\n\n\n\n<p>&#8211; Inscripci\u00f3n como demandante de empleo.<br>&#8211; Renovaci\u00f3n y duplicados de la demanda.<br>&#8211; Otros tr\u00e1mites de la demanda.<br>&#8211; Informaci\u00f3n sobre ofertas de empleo y cursos de formaci\u00f3n.<br>&#8211; Orientaci\u00f3n laboral<\/p>\n\n\n\n<p>Tambi\u00e9n se impartir\u00e1 un\u00a0<strong>Taller informativo, <\/strong><strong>en horario de 10:00 h a 11:00 h, en el Sal\u00f3n de Plenos del Ayuntamiento,\u00a0<\/strong>que tiene como objetivo\u00a0acercar los servicios que se prestan desde la red de oficinas de empleo a las personas residentes\u00a0en los municipios rurales con especial atenci\u00f3n a las personas j\u00f3venes,\u00a0con las que la\u00a0<strong>Comunidad de Madrid<\/strong>\u00a0quiere mejorar la empleabilidad y ayudar a paliar el desempleo de las personas entre 16 y 29 a\u00f1os.<br>Inscr\u00edbete mediante\u00a0el c\u00f3digo QR que viene en el cartel.<\/p>\n\n\n\n<div class=\"wp-block-file\"><a id=\"wp-block-file--media-570f5ce5-f2f2-47c8-9c73-00558f47a175\" href=\"https:\/\/aytoanchuelo.com\/wp-content\/uploads\/2025\/07\/ANCHUELO.png\">ANCHUELO<\/a><a href=\"https:\/\/aytoanchuelo.com\/wp-content\/uploads\/2025\/07\/ANCHUELO.png\" class=\"wp-block-file__button wp-element-button\" download aria-describedby=\"wp-block-file--media-570f5ce5-f2f2-47c8-9c73-00558f47a175\">Descarga<\/a><\/div>\n","protected":false},"excerpt":{"rendered":"<p>El lunes 28 de julio, en horario de 10:00 h a 13:00 h ( en la Plaza Mayor),&nbsp;estar\u00e1 la oficina de empleo m\u00f3vil en Anchuelo, en ella podr\u00e1n realizar las siguientes gestiones: &#8211; Inscripci\u00f3n como demandante de empleo.&#8211; Renovaci\u00f3n y duplicados de la demanda.&#8211; Otros tr\u00e1mites de la demanda.&#8211; Informaci\u00f3n [&hellip;]<\/p>\n","protected":false},"author":2,"featured_media":0,"comment_status":"closed","ping_status":"closed","sticky":false,"template":"","format":"standard","meta":{"_coblocks_attr":"","_coblocks_dimensions":"","_coblocks_responsive_height":"","_coblocks_accordion_ie_support":"","footnotes":""},"categories":[98,35],"tags":[],"class_list":["post-6014","post","type-post","status-publish","format-standard","hentry","category-empleo","category-noticias"],"_links":{"self":[{"href":"https:\/\/aytoanchuelo.com\/index.php\/wp-json\/wp\/v2\/posts\/6014","targetHints":{"allow":["GET"]}}],"collection":[{"href":"https:\/\/aytoanchuelo.com\/index.php\/wp-json\/wp\/v2\/posts"}],"about":[{"href":"https:\/\/aytoanchuelo.com\/index.php\/wp-json\/wp\/v2\/types\/post"}],"author":[{"embeddable":true,"href":"https:\/\/aytoanchuelo.com\/index.php\/wp-json\/wp\/v2\/users\/2"}],"replies":[{"embeddable":true,"href":"https:\/\/aytoanchuelo.com\/index.php\/wp-json\/wp\/v2\/comments?post=6014"}],"version-history":[{"count":1,"href":"https:\/\/aytoanchuelo.com\/index.php\/wp-json\/wp\/v2\/posts\/6014\/revisions"}],"predecessor-version":[{"id":6016,"href":"https:\/\/aytoanchuelo.com\/index.php\/wp-json\/wp\/v2\/posts\/6014\/revisions\/6016"}],"wp:attachment":[{"href":"https:\/\/aytoanchuelo.com\/index.php\/wp-json\/wp\/v2\/media?parent=6014"}],"wp:term":[{"taxonomy":"category","embeddable":true,"href":"https:\/\/aytoanchuelo.com\/index.php\/wp-json\/wp\/v2\/categories?post=6014"},{"taxonomy":"post_tag","embeddable":true,"href":"https:\/\/aytoanchuelo.com\/index.php\/wp-json\/wp\/v2\/tags?post=6014"}],"curies":[{"name":"wp","href":"https:\/\/api.w.org\/{rel}","templated":true}]}}