{"id":5950,"date":"2025-05-15T13:00:08","date_gmt":"2025-05-15T12:00:08","guid":{"rendered":"https:\/\/aytoanchuelo.com\/?p=5950"},"modified":"2025-05-15T13:00:09","modified_gmt":"2025-05-15T12:00:09","slug":"campamento-de-verano-julio-2025-anchuelo","status":"publish","type":"post","link":"https:\/\/aytoanchuelo.com\/index.php\/2025\/05\/15\/campamento-de-verano-julio-2025-anchuelo\/","title":{"rendered":"CAMPAMENTO DE VERANO JULIO 2025. ANCHUELO"},"content":{"rendered":"\n<p>DIRIGIDO A NI\u00d1@S EN EDAD ESCOLAR (DE 3 A 12 A\u00d1OS)&nbsp;<\/p>\n\n\n\n<p>PLAZAS LIMITADAS POR ORDEN DE INSCRIPCI\u00d3N Y VALORACI\u00d3N DE PRIORIDADES (20 INFANTIL Y 30 DE PRIMARIA)<\/p>\n\n\n\n<p>INSCRIPCIONES EN EL AYUNTAMIENTO: DEL 19 DE MAYO AL 6 DE JUNIO<\/p>\n\n\n\n<p>ANTICIPO DE CUOTA: 9,00 \u20ac<\/p>\n\n\n\n<p>ORDEN DE PRIORIDADES<br>1.EMPADRONADOS EN ANCHUELO<\/p>\n\n\n\n<p>1.1 &#8211; Trabajan los dos padres o familia monoparental y trabajador\/a (*) (10 puntos)<\/p>\n\n\n\n<p>1.2 &#8211; Trabaja s\u00f3lo uno de los&nbsp; padres (*) (5 puntos)<\/p>\n\n\n\n<p>1.3 &#8211; No trabaja ning\u00fan padre (1,5 puntos)<\/p>\n\n\n\n<p>2.NO EMPADRONADOS (2\u00aa RESIDENCIA, FAMILIAR HASTA 2\u00ba GRADO EMPADRONADO O TRABAJADORES EN EL MUNICIPIO)<\/p>\n\n\n\n<p>2.1 &#8211; Trabajan los dos padres o familia monoparental y trabajador\/a (*) (3 puntos)<\/p>\n\n\n\n<p>2.2 &#8211; Trabaja s\u00f3lo uno de los padres (*) (1,5 puntos)<\/p>\n\n\n\n<p>2.3 &#8211; No trabaja ning\u00fan padre (0 puntos)<\/p>\n\n\n\n<p>3.PUNTUACI\u00d3N EXTRA POR CASU\u00cdSTICA SOCIAL (5 puntos):<br>\u2022Familias monoparentales<br>\u2022V\u00edctimas de violencia de g\u00e9nero<br>\u2022Progenitores con discapacidad<br>\u2022Personas en riesgo de exclusi\u00f3n social<br>\u2022Unidad familiar con responsabilidades de cuidados<\/p>\n\n\n\n<p>NOTA: *&nbsp; Se justificar\u00e1 la actividad laboral mediante contrato de trabajo, vida laboral, certificado de empresa, o declaraci\u00f3n responsable (\u00fanicamente aut\u00f3nomos).<\/p>\n\n\n\n<p>En caso de empate se realizar\u00e1 el desempate en atenci\u00f3n a la renta de la unidad familiar.<\/p>\n\n\n\n<p><strong><em>M\u00ednimo 10 ni\u00f1os para ofrecer el servicio de comedor<\/em><\/strong><\/p>\n\n\n\n<div data-wp-interactive=\"core\/file\" class=\"wp-block-file\"><object data-wp-bind--hidden=\"!state.hasPdfPreview\" hidden class=\"wp-block-file__embed\" data=\"https:\/\/aytoanchuelo.com\/wp-content\/uploads\/2025\/05\/Cartel-Poster-Campamento-de-Verano-Infantil-Creativo-Ilustrativo-Amarillo.pdf\" type=\"application\/pdf\" style=\"width:100%;height:600px\" aria-label=\"Incrustado de Cartel P\u00f3ster Campamento de Verano Infantil Creativo Ilustrativo Amarillo.\"><\/object><a id=\"wp-block-file--media-1797eb48-6d9c-4744-adcd-9964a7610d21\" href=\"https:\/\/aytoanchuelo.com\/wp-content\/uploads\/2025\/05\/Cartel-Poster-Campamento-de-Verano-Infantil-Creativo-Ilustrativo-Amarillo.pdf\">Cartel P\u00f3ster Campamento de Verano Infantil Creativo Ilustrativo Amarillo<\/a><a href=\"https:\/\/aytoanchuelo.com\/wp-content\/uploads\/2025\/05\/Cartel-Poster-Campamento-de-Verano-Infantil-Creativo-Ilustrativo-Amarillo.pdf\" class=\"wp-block-file__button wp-element-button\" download aria-describedby=\"wp-block-file--media-1797eb48-6d9c-4744-adcd-9964a7610d21\">Descarga<\/a><\/div>\n","protected":false},"excerpt":{"rendered":"<p>DIRIGIDO A NI\u00d1@S EN EDAD ESCOLAR (DE 3 A 12 A\u00d1OS)&nbsp; PLAZAS LIMITADAS POR ORDEN DE INSCRIPCI\u00d3N Y VALORACI\u00d3N DE PRIORIDADES (20 INFANTIL Y 30 DE PRIMARIA) INSCRIPCIONES EN EL AYUNTAMIENTO: DEL 19 DE MAYO AL 6 DE JUNIO ANTICIPO DE CUOTA: 9,00 \u20ac ORDEN DE PRIORIDADES1.EMPADRONADOS EN ANCHUELO 1.1 [&hellip;]<\/p>\n","protected":false},"author":2,"featured_media":0,"comment_status":"closed","ping_status":"closed","sticky":false,"template":"","format":"standard","meta":{"_coblocks_attr":"","_coblocks_dimensions":"","_coblocks_responsive_height":"","_coblocks_accordion_ie_support":"","footnotes":""},"categories":[36,35],"tags":[],"class_list":["post-5950","post","type-post","status-publish","format-standard","hentry","category-ayuntamiento","category-noticias"],"_links":{"self":[{"href":"https:\/\/aytoanchuelo.com\/index.php\/wp-json\/wp\/v2\/posts\/5950","targetHints":{"allow":["GET"]}}],"collection":[{"href":"https:\/\/aytoanchuelo.com\/index.php\/wp-json\/wp\/v2\/posts"}],"about":[{"href":"https:\/\/aytoanchuelo.com\/index.php\/wp-json\/wp\/v2\/types\/post"}],"author":[{"embeddable":true,"href":"https:\/\/aytoanchuelo.com\/index.php\/wp-json\/wp\/v2\/users\/2"}],"replies":[{"embeddable":true,"href":"https:\/\/aytoanchuelo.com\/index.php\/wp-json\/wp\/v2\/comments?post=5950"}],"version-history":[{"count":1,"href":"https:\/\/aytoanchuelo.com\/index.php\/wp-json\/wp\/v2\/posts\/5950\/revisions"}],"predecessor-version":[{"id":5952,"href":"https:\/\/aytoanchuelo.com\/index.php\/wp-json\/wp\/v2\/posts\/5950\/revisions\/5952"}],"wp:attachment":[{"href":"https:\/\/aytoanchuelo.com\/index.php\/wp-json\/wp\/v2\/media?parent=5950"}],"wp:term":[{"taxonomy":"category","embeddable":true,"href":"https:\/\/aytoanchuelo.com\/index.php\/wp-json\/wp\/v2\/categories?post=5950"},{"taxonomy":"post_tag","embeddable":true,"href":"https:\/\/aytoanchuelo.com\/index.php\/wp-json\/wp\/v2\/tags?post=5950"}],"curies":[{"name":"wp","href":"https:\/\/api.w.org\/{rel}","templated":true}]}}