{"id":5936,"date":"2025-04-25T09:10:53","date_gmt":"2025-04-25T08:10:53","guid":{"rendered":"https:\/\/aytoanchuelo.com\/?p=5936"},"modified":"2025-05-06T13:24:43","modified_gmt":"2025-05-06T12:24:43","slug":"subvencion-concedida-y-contrataciones-realizadas-del-programa-publico-de-fomento-del-empleo-juvenil-con-las-corporaciones-locales","status":"publish","type":"post","link":"https:\/\/aytoanchuelo.com\/index.php\/2025\/04\/25\/subvencion-concedida-y-contrataciones-realizadas-del-programa-publico-de-fomento-del-empleo-juvenil-con-las-corporaciones-locales\/","title":{"rendered":"SUBVENCI\u00d3N CONCEDIDA Y CONTRATACIONES REALIZADAS DEL PROGRAMA P\u00daBLICO DE FOMENTO DEL EMPLEO JUVENIL CON LAS CORPORACIONES LOCALES."},"content":{"rendered":"\n<p><strong>SUBVENCI\u00d3N CONCEDIDA Y CONTRATACIONES REALIZADAS DEL PROGRAMA P\u00daBLICO &nbsp;DE FOMENTO DEL EMPLEO JUVENIL CON LAS CORPORACIONES LOCALES.<\/strong><\/p>\n\n\n\n<p>El Ayuntamiento de Anchuelo ha resultado beneficiario de una subvenci\u00f3n de la Consejer\u00eda de Econom\u00eda, Hacienda y Empleo por importe total de 22.646,64 \u20ac para la contrataci\u00f3n de un trabajador desempleado durante ocho meses, al quedar acreditado que tanto el beneficiario como las contrataciones solicitadas re\u00fanen los requisitos exigidos.<\/p>\n\n\n\n<p>Este programa requiere que el candidato sea menor de 30 a\u00f1os a la fecha del inicio del contrato (previsto 3 de junio de 2025), debe estar inscrito como demandante de empleo activo en calidad de <strong>desempleado<\/strong> y adem\u00e1s inscrito en el <strong>Sistema Nacional de Garant\u00eda Juvenil.<\/strong><\/p>\n\n\n\n<p>El Programa p\u00fablico de empleo-formaci\u00f3n para la Cualificaci\u00f3n Profesional ha sido cofinanciado por la Uni\u00f3n Europea a trav\u00e9s del Fondo Social Europeo Plus.<\/p>\n\n\n\n<p><strong>Ocupaci\u00f3n 2451 \u2013 Arquitectos excepto arquitectos paisajistas y urbanistas. N\u00ba de desempleados contratados: 1<\/strong><\/p>\n\n\n\n<div data-wp-interactive=\"core\/file\" class=\"wp-block-file\"><object data-wp-bind--hidden=\"!state.hasPdfPreview\" hidden class=\"wp-block-file__embed\" data=\"https:\/\/aytoanchuelo.com\/wp-content\/uploads\/2025\/04\/Aytoanchuelo.pdf\" type=\"application\/pdf\" style=\"width:100%;height:600px\" aria-label=\"Incrustado de Resoluci\u00f3n PEJ ANUNCIO WEB.\"><\/object><a id=\"wp-block-file--media-7c425a65-0164-4603-b2f7-f96f5ec330a2\" href=\"https:\/\/aytoanchuelo.com\/wp-content\/uploads\/2025\/04\/Aytoanchuelo.pdf\">Resoluci\u00f3n PEJ ANUNCIO WEB<\/a><a href=\"https:\/\/aytoanchuelo.com\/wp-content\/uploads\/2025\/04\/Aytoanchuelo.pdf\" class=\"wp-block-file__button wp-element-button\" download aria-describedby=\"wp-block-file--media-7c425a65-0164-4603-b2f7-f96f5ec330a2\">Descarga<\/a><\/div>\n\n\n\n<p><\/p>\n","protected":false},"excerpt":{"rendered":"<p>SUBVENCI\u00d3N CONCEDIDA Y CONTRATACIONES REALIZADAS DEL PROGRAMA P\u00daBLICO &nbsp;DE FOMENTO DEL EMPLEO JUVENIL CON LAS CORPORACIONES LOCALES. El Ayuntamiento de Anchuelo ha resultado beneficiario de una subvenci\u00f3n de la Consejer\u00eda de Econom\u00eda, Hacienda y Empleo por importe total de 22.646,64 \u20ac para la contrataci\u00f3n de un trabajador desempleado durante ocho [&hellip;]<\/p>\n","protected":false},"author":1,"featured_media":0,"comment_status":"closed","ping_status":"closed","sticky":false,"template":"","format":"standard","meta":{"_coblocks_attr":"","_coblocks_dimensions":"","_coblocks_responsive_height":"","_coblocks_accordion_ie_support":"","footnotes":""},"categories":[35],"tags":[],"class_list":["post-5936","post","type-post","status-publish","format-standard","hentry","category-noticias"],"_links":{"self":[{"href":"https:\/\/aytoanchuelo.com\/index.php\/wp-json\/wp\/v2\/posts\/5936","targetHints":{"allow":["GET"]}}],"collection":[{"href":"https:\/\/aytoanchuelo.com\/index.php\/wp-json\/wp\/v2\/posts"}],"about":[{"href":"https:\/\/aytoanchuelo.com\/index.php\/wp-json\/wp\/v2\/types\/post"}],"author":[{"embeddable":true,"href":"https:\/\/aytoanchuelo.com\/index.php\/wp-json\/wp\/v2\/users\/1"}],"replies":[{"embeddable":true,"href":"https:\/\/aytoanchuelo.com\/index.php\/wp-json\/wp\/v2\/comments?post=5936"}],"version-history":[{"count":2,"href":"https:\/\/aytoanchuelo.com\/index.php\/wp-json\/wp\/v2\/posts\/5936\/revisions"}],"predecessor-version":[{"id":5941,"href":"https:\/\/aytoanchuelo.com\/index.php\/wp-json\/wp\/v2\/posts\/5936\/revisions\/5941"}],"wp:attachment":[{"href":"https:\/\/aytoanchuelo.com\/index.php\/wp-json\/wp\/v2\/media?parent=5936"}],"wp:term":[{"taxonomy":"category","embeddable":true,"href":"https:\/\/aytoanchuelo.com\/index.php\/wp-json\/wp\/v2\/categories?post=5936"},{"taxonomy":"post_tag","embeddable":true,"href":"https:\/\/aytoanchuelo.com\/index.php\/wp-json\/wp\/v2\/tags?post=5936"}],"curies":[{"name":"wp","href":"https:\/\/api.w.org\/{rel}","templated":true}]}}