{"id":5840,"date":"2024-11-13T13:06:54","date_gmt":"2024-11-13T12:06:54","guid":{"rendered":"https:\/\/aytoanchuelo.com\/?p=5840"},"modified":"2024-12-13T13:20:43","modified_gmt":"2024-12-13T12:20:43","slug":"el-ayuntamiento-de-anchuelo-desarrolla-con-exito-el-campamento-de-verano-2024","status":"publish","type":"post","link":"https:\/\/aytoanchuelo.com\/index.php\/2024\/11\/13\/el-ayuntamiento-de-anchuelo-desarrolla-con-exito-el-campamento-de-verano-2024\/","title":{"rendered":"El Ayuntamiento de Anchuelo desarrolla con \u00e9xito el Campamento de Verano 2024"},"content":{"rendered":"<div class=\"wp-block-image\">\n<figure class=\"alignleft size-large is-resized\"><img loading=\"lazy\" decoding=\"async\" width=\"724\" height=\"1024\" src=\"https:\/\/aytoanchuelo.com\/wp-content\/uploads\/2024\/12\/oJUpkCARTELAMPLIACINCAMPAMENTODEVERANO2024_page-0001-724x1024.jpg\" alt=\"\" class=\"wp-image-5843\" style=\"width:224px;height:auto\" srcset=\"https:\/\/aytoanchuelo.com\/wp-content\/uploads\/2024\/12\/oJUpkCARTELAMPLIACINCAMPAMENTODEVERANO2024_page-0001-724x1024.jpg 724w, https:\/\/aytoanchuelo.com\/wp-content\/uploads\/2024\/12\/oJUpkCARTELAMPLIACINCAMPAMENTODEVERANO2024_page-0001-212x300.jpg 212w, https:\/\/aytoanchuelo.com\/wp-content\/uploads\/2024\/12\/oJUpkCARTELAMPLIACINCAMPAMENTODEVERANO2024_page-0001-768x1086.jpg 768w, https:\/\/aytoanchuelo.com\/wp-content\/uploads\/2024\/12\/oJUpkCARTELAMPLIACINCAMPAMENTODEVERANO2024_page-0001-1086x1536.jpg 1086w, https:\/\/aytoanchuelo.com\/wp-content\/uploads\/2024\/12\/oJUpkCARTELAMPLIACINCAMPAMENTODEVERANO2024_page-0001.jpg 1241w\" sizes=\"auto, (max-width: 724px) 100vw, 724px\" \/><\/figure><\/div>\n\n\n<p>El Ayuntamiento de Anchuelo ha llevado a cabo durante el periodo estival el proyecto \u00abCampamento de Verano\u00bb, una iniciativa que ha permitido ofrecer actividades l\u00fadicas y educativas a las familias de nuestro municipio, facilitando la conciliaci\u00f3n familiar y laboral.<\/p>\n\n\n\n<p>El proyecto, que ha contado con una inversi\u00f3n de 5.576,39 euros, se ha desarrollado en el marco del Plan Corresponsables 2024, con la financiaci\u00f3n de la Secretar\u00eda de Estado de Igualdad y contra la Violencia de G\u00e9nero a trav\u00e9s de la Comunidad de Madrid.<\/p>\n\n\n\n<p>Esta actuaci\u00f3n refleja el compromiso del Ayuntamiento con las necesidades reales de las familias coritas, proporcionando soluciones efectivas para la conciliaci\u00f3n. El Campamento de Verano ha permitido que los padres y madres de nuestro municipio puedan compaginar sus responsabilidades laborales con el cuidado de sus hijos durante el per\u00edodo vacacional.<\/p>\n\n\n\n<p>El consistorio continuar\u00e1 trabajando para implementar iniciativas que respondan a las necesidades de nuestros vecinos, gestionando de manera eficiente los recursos disponibles para mejorar la calidad de vida de todos los habitantes.<\/p>\n\n\n\n<p><em>Este proyecto se lleva a cabo en desarrollo del Plan Corresponsables, con la financiaci\u00f3n de la Secretar\u00eda de Estado de Igualdad y contra la Violencia de G\u00e9nero a trav\u00e9s de la Comunidad de Madrid.<\/em><\/p>\n\n\n\n<figure class=\"wp-block-image size-large\"><img loading=\"lazy\" decoding=\"async\" width=\"1024\" height=\"101\" src=\"https:\/\/aytoanchuelo.com\/wp-content\/uploads\/2024\/12\/Diseno-sin-titulo-e1734091642560-1024x101.png\" alt=\"\" class=\"wp-image-5841\" srcset=\"https:\/\/aytoanchuelo.com\/wp-content\/uploads\/2024\/12\/Diseno-sin-titulo-e1734091642560-1024x101.png 1024w, https:\/\/aytoanchuelo.com\/wp-content\/uploads\/2024\/12\/Diseno-sin-titulo-e1734091642560-300x30.png 300w, https:\/\/aytoanchuelo.com\/wp-content\/uploads\/2024\/12\/Diseno-sin-titulo-e1734091642560-768x76.png 768w, https:\/\/aytoanchuelo.com\/wp-content\/uploads\/2024\/12\/Diseno-sin-titulo-e1734091642560-1536x152.png 1536w, https:\/\/aytoanchuelo.com\/wp-content\/uploads\/2024\/12\/Diseno-sin-titulo-e1734091642560.png 1850w\" sizes=\"auto, (max-width: 1024px) 100vw, 1024px\" \/><\/figure>\n","protected":false},"excerpt":{"rendered":"<p>El Ayuntamiento de Anchuelo ha llevado a cabo durante el periodo estival el proyecto \u00abCampamento de Verano\u00bb, una iniciativa que ha permitido ofrecer actividades l\u00fadicas y educativas a las familias de nuestro municipio, facilitando la conciliaci\u00f3n familiar y laboral. El proyecto, que ha contado con una inversi\u00f3n de 5.576,39 euros, [&hellip;]<\/p>\n","protected":false},"author":1,"featured_media":5843,"comment_status":"closed","ping_status":"closed","sticky":false,"template":"","format":"standard","meta":{"_coblocks_attr":"","_coblocks_dimensions":"","_coblocks_responsive_height":"","_coblocks_accordion_ie_support":"","footnotes":""},"categories":[36,62,35],"tags":[],"class_list":["post-5840","post","type-post","status-publish","format-standard","has-post-thumbnail","hentry","category-ayuntamiento","category-educacion","category-noticias"],"_links":{"self":[{"href":"https:\/\/aytoanchuelo.com\/index.php\/wp-json\/wp\/v2\/posts\/5840","targetHints":{"allow":["GET"]}}],"collection":[{"href":"https:\/\/aytoanchuelo.com\/index.php\/wp-json\/wp\/v2\/posts"}],"about":[{"href":"https:\/\/aytoanchuelo.com\/index.php\/wp-json\/wp\/v2\/types\/post"}],"author":[{"embeddable":true,"href":"https:\/\/aytoanchuelo.com\/index.php\/wp-json\/wp\/v2\/users\/1"}],"replies":[{"embeddable":true,"href":"https:\/\/aytoanchuelo.com\/index.php\/wp-json\/wp\/v2\/comments?post=5840"}],"version-history":[{"count":2,"href":"https:\/\/aytoanchuelo.com\/index.php\/wp-json\/wp\/v2\/posts\/5840\/revisions"}],"predecessor-version":[{"id":5844,"href":"https:\/\/aytoanchuelo.com\/index.php\/wp-json\/wp\/v2\/posts\/5840\/revisions\/5844"}],"wp:featuredmedia":[{"embeddable":true,"href":"https:\/\/aytoanchuelo.com\/index.php\/wp-json\/wp\/v2\/media\/5843"}],"wp:attachment":[{"href":"https:\/\/aytoanchuelo.com\/index.php\/wp-json\/wp\/v2\/media?parent=5840"}],"wp:term":[{"taxonomy":"category","embeddable":true,"href":"https:\/\/aytoanchuelo.com\/index.php\/wp-json\/wp\/v2\/categories?post=5840"},{"taxonomy":"post_tag","embeddable":true,"href":"https:\/\/aytoanchuelo.com\/index.php\/wp-json\/wp\/v2\/tags?post=5840"}],"curies":[{"name":"wp","href":"https:\/\/api.w.org\/{rel}","templated":true}]}}