{"id":5812,"date":"2024-10-16T07:18:31","date_gmt":"2024-10-16T06:18:31","guid":{"rendered":"https:\/\/aytoanchuelo.com\/?p=5812"},"modified":"2024-10-16T07:18:32","modified_gmt":"2024-10-16T06:18:32","slug":"mancomunidad-de-servicio-sociales-pantuena-jornadas-de-formacion-para-profesionales-de-este-ano-con-motivo-del-25n-ciberviolencia-violencia-de-genero-en-entornos-digitales-6-de-noviembre","status":"publish","type":"post","link":"https:\/\/aytoanchuelo.com\/index.php\/2024\/10\/16\/mancomunidad-de-servicio-sociales-pantuena-jornadas-de-formacion-para-profesionales-de-este-ano-con-motivo-del-25n-ciberviolencia-violencia-de-genero-en-entornos-digitales-6-de-noviembre\/","title":{"rendered":"Mancomunidad de Servicio Sociales Pantue\u00f1a. Jornadas de Formaci\u00f3n para Profesionales de este a\u00f1o con motivo del 25N . Ciberviolencia: Violencia de G\u00e9nero en Entornos Digitales. 6 de noviembre."},"content":{"rendered":"\n<p>Desde el Punto de violencia de G\u00e9nero de la Mancomunidad&nbsp;de Pantue\u00f1a, tenemos el placer de invitaros a una nueva edici\u00f3n de las Jornadas de Formaci\u00f3n para Profesionales&nbsp;de este a\u00f1o con motivo del 25N .<\/p>\n\n\n\n<p><strong>?<\/strong><strong>&nbsp;Ciberviolencia:&nbsp;&nbsp;Violencia de G\u00e9nero en Entornos Digitales<\/strong><\/p>\n\n\n\n<p>Asociaci\u00f3n Stop Violencia Digital y Fundaci\u00f3n Fernando Pombo<\/p>\n\n\n\n<p>?&nbsp;<strong>Fecha:<\/strong>&nbsp;&nbsp;Mi\u00e9rcoles&nbsp;<strong>6 de Noviembre<\/strong>&nbsp;de 9.00 a 14.00h<\/p>\n\n\n\n<p>?&nbsp;<strong>Lugar:<\/strong>&nbsp;Ayuntamiento de&nbsp;<strong>Torres de la Alameda<\/strong>. Sala de Formaci\u00f3n \/&nbsp;Plaza del Sol, 16. 28813. Torres de la Alameda<\/p>\n\n\n\n<p>??<strong>Inscripciones:&nbsp;<\/strong><a target=\"_blank\" rel=\"noreferrer noopener\" href=\"https:\/\/docs.google.com\/forms\/d\/e\/1FAIpQLSfDwEcz-GkMQ7VyKdp9XdW5M1xQaKhrlpGlmdPF7AzlR6fbnA\/viewform\">https:\/\/docs.google.com\/forms\/d\/e\/1FAIpQLSfDwEcz-GkMQ7VyKdp9XdW5M1xQaKhrlpGlmdPF7AzlR6fbnA\/viewform<\/a><\/p>\n\n\n\n<p>Se adjunta programa en cartel de difusi\u00f3n.<\/p>\n\n\n\n<div class=\"wp-block-file\"><a id=\"wp-block-file--media-0db9fbb9-50e8-4f5d-8144-4db2c950b092\" href=\"https:\/\/aytoanchuelo.com\/wp-content\/uploads\/2024\/10\/JORNADA.png\">JORNADA<\/a><a href=\"https:\/\/aytoanchuelo.com\/wp-content\/uploads\/2024\/10\/JORNADA.png\" class=\"wp-block-file__button wp-element-button\" download aria-describedby=\"wp-block-file--media-0db9fbb9-50e8-4f5d-8144-4db2c950b092\">Descarga<\/a><\/div>\n","protected":false},"excerpt":{"rendered":"<p>Desde el Punto de violencia de G\u00e9nero de la Mancomunidad&nbsp;de Pantue\u00f1a, tenemos el placer de invitaros a una nueva edici\u00f3n de las Jornadas de Formaci\u00f3n para Profesionales&nbsp;de este a\u00f1o con motivo del 25N . ?&nbsp;Ciberviolencia:&nbsp;&nbsp;Violencia de G\u00e9nero en Entornos Digitales Asociaci\u00f3n Stop Violencia Digital y Fundaci\u00f3n Fernando Pombo ?&nbsp;Fecha:&nbsp;&nbsp;Mi\u00e9rcoles&nbsp;6 de [&hellip;]<\/p>\n","protected":false},"author":2,"featured_media":0,"comment_status":"closed","ping_status":"closed","sticky":false,"template":"","format":"standard","meta":{"_coblocks_attr":"","_coblocks_dimensions":"","_coblocks_responsive_height":"","_coblocks_accordion_ie_support":"","footnotes":""},"categories":[85,35],"tags":[],"class_list":["post-5812","post","type-post","status-publish","format-standard","hentry","category-mancomunidad-pantuena","category-noticias"],"_links":{"self":[{"href":"https:\/\/aytoanchuelo.com\/index.php\/wp-json\/wp\/v2\/posts\/5812","targetHints":{"allow":["GET"]}}],"collection":[{"href":"https:\/\/aytoanchuelo.com\/index.php\/wp-json\/wp\/v2\/posts"}],"about":[{"href":"https:\/\/aytoanchuelo.com\/index.php\/wp-json\/wp\/v2\/types\/post"}],"author":[{"embeddable":true,"href":"https:\/\/aytoanchuelo.com\/index.php\/wp-json\/wp\/v2\/users\/2"}],"replies":[{"embeddable":true,"href":"https:\/\/aytoanchuelo.com\/index.php\/wp-json\/wp\/v2\/comments?post=5812"}],"version-history":[{"count":1,"href":"https:\/\/aytoanchuelo.com\/index.php\/wp-json\/wp\/v2\/posts\/5812\/revisions"}],"predecessor-version":[{"id":5814,"href":"https:\/\/aytoanchuelo.com\/index.php\/wp-json\/wp\/v2\/posts\/5812\/revisions\/5814"}],"wp:attachment":[{"href":"https:\/\/aytoanchuelo.com\/index.php\/wp-json\/wp\/v2\/media?parent=5812"}],"wp:term":[{"taxonomy":"category","embeddable":true,"href":"https:\/\/aytoanchuelo.com\/index.php\/wp-json\/wp\/v2\/categories?post=5812"},{"taxonomy":"post_tag","embeddable":true,"href":"https:\/\/aytoanchuelo.com\/index.php\/wp-json\/wp\/v2\/tags?post=5812"}],"curies":[{"name":"wp","href":"https:\/\/api.w.org\/{rel}","templated":true}]}}