{"id":5779,"date":"2024-09-19T08:28:52","date_gmt":"2024-09-19T07:28:52","guid":{"rendered":"https:\/\/aytoanchuelo.com\/?p=5779"},"modified":"2024-09-19T08:28:53","modified_gmt":"2024-09-19T07:28:53","slug":"ayuntamiento-de-villalbilla-curso-de-competencias-digitales-y-herramientas-informaticas-basicas-100-gratis","status":"publish","type":"post","link":"https:\/\/aytoanchuelo.com\/index.php\/2024\/09\/19\/ayuntamiento-de-villalbilla-curso-de-competencias-digitales-y-herramientas-informaticas-basicas-100-gratis\/","title":{"rendered":"AYUNTAMIENTO DE VILLALBILLA.CURSO DE COMPETENCIAS DIGITALES Y HERRAMIENTAS INFORM\u00c1TICAS B\u00c1SICAS. 100% GRATIS"},"content":{"rendered":"\n<p><strong>CURSO DE COMPETENCIAS DIGITALES Y HERRAMIENTAS INFORM\u00c1TICAS B\u00c1SICAS. DIGITALIZACION APLICADA.<\/strong><br>LUGAR CENTRO CULTURAL DE LOS HUEROS EN PLAZA DE LA ISABELA S\/N 28810 &#8211; LOS HUEROS (VILLALBILLA)<\/p>\n\n\n\n<p><strong>CURSO DE MA\u00d1ANA I:<\/strong><br>12\/09\/2024 &#8211; 23\/09\/2024<br>Lunes a viernes de 9:00 a 13:00 h.<\/p>\n\n\n\n<p><strong>CURSO DE MA\u00d1ANA II:<\/strong><br>24\/09\/2024 &#8211; 03\/10\/2024<br>Lunes a viernes de 9:00 a 13:00 h.<\/p>\n\n\n\n<p><strong>CURSO DE TARDE:<\/strong><br>30\/09\/2024 &#8211; 15\/10\/2024<br>Lunes a viernes de 16:00 a 19:00 horas<\/p>\n\n\n\n<p>&#8211;&nbsp;<strong>Colectivos prioritarios:<\/strong>&nbsp;mujeres, trabajadores\/as de baja cualificaci\u00f3n, trabajadores\/as mayores de 45 a\u00f1os, trabajadores\/as con discapacidad, personas pertenecientes a hogares monoparentales, y desempleados\/as.<\/p>\n\n\n\n<p>&#8211; Se ofrece&nbsp;<strong>asesoramiento<\/strong>&nbsp;en el Procedimiento de Evaluaci\u00f3n y Acreditaci\u00f3n de Competencias Profesionales, esta acreditaci\u00f3n validar\u00e1 las habilidades y conocimientos adquiridos y podr\u00e1 ser utilizada como&nbsp;<strong>aval en el \u00e1mbito laboral o acad\u00e9mico<br><\/strong><br><strong><em><u>Ap\u00fantate a trav\u00e9s del&nbsp;QR que viene en el archivo adjunto.<br><\/u><\/em><\/strong><br><strong>CONTENIDO DEL CURSO:<\/strong><br>AF 0 Tecnolog\u00edas habilitadas digitales &#8211; 2 horas autoestudio<br>AF 1 Informaci\u00f3n y alfabetizaci\u00f3n digital &#8211; 6 horas<br>AF 2 Comunicaci\u00f3n y colaboraci\u00f3n online &#8211; 6 horas<br>AF 3 Creaci\u00f3n y contenidos digitales &#8211; 6 horas<br>AF 4 Seguridad en la red &#8211; 6 horas<br>AF 5 Resoluci\u00f3n de problemas &#8211; 6 horas<\/p>\n\n\n\n<p>Actuaci\u00f3n financiada por el Ministerio de Educaci\u00f3n, Formaci\u00f3n Profesional y Deportes, y cofinanciada por la uni\u00f3n Europea en el marco del Plan de Recuperaci\u00f3n, Transformaci\u00f3n y Resiliencia (PRTR)<\/p>\n\n\n\n<div class=\"wp-block-file\"><a id=\"wp-block-file--media-f4587f1c-d31f-4c8b-ab43-16b27bb8d99f\" href=\"https:\/\/aytoanchuelo.com\/wp-content\/uploads\/2024\/09\/cartel-capacitacion-digital_-2024--scaled.jpeg\">cartel-capacitacion-digital_-2024-<\/a><a href=\"https:\/\/aytoanchuelo.com\/wp-content\/uploads\/2024\/09\/cartel-capacitacion-digital_-2024--scaled.jpeg\" class=\"wp-block-file__button wp-element-button\" download aria-describedby=\"wp-block-file--media-f4587f1c-d31f-4c8b-ab43-16b27bb8d99f\">Descarga<\/a><\/div>\n","protected":false},"excerpt":{"rendered":"<p>CURSO DE COMPETENCIAS DIGITALES Y HERRAMIENTAS INFORM\u00c1TICAS B\u00c1SICAS. DIGITALIZACION APLICADA.LUGAR CENTRO CULTURAL DE LOS HUEROS EN PLAZA DE LA ISABELA S\/N 28810 &#8211; LOS HUEROS (VILLALBILLA) CURSO DE MA\u00d1ANA I:12\/09\/2024 &#8211; 23\/09\/2024Lunes a viernes de 9:00 a 13:00 h. CURSO DE MA\u00d1ANA II:24\/09\/2024 &#8211; 03\/10\/2024Lunes a viernes de 9:00 a [&hellip;]<\/p>\n","protected":false},"author":2,"featured_media":0,"comment_status":"closed","ping_status":"closed","sticky":false,"template":"","format":"standard","meta":{"_coblocks_attr":"","_coblocks_dimensions":"","_coblocks_responsive_height":"","_coblocks_accordion_ie_support":"","footnotes":""},"categories":[35],"tags":[],"class_list":["post-5779","post","type-post","status-publish","format-standard","hentry","category-noticias"],"_links":{"self":[{"href":"https:\/\/aytoanchuelo.com\/index.php\/wp-json\/wp\/v2\/posts\/5779","targetHints":{"allow":["GET"]}}],"collection":[{"href":"https:\/\/aytoanchuelo.com\/index.php\/wp-json\/wp\/v2\/posts"}],"about":[{"href":"https:\/\/aytoanchuelo.com\/index.php\/wp-json\/wp\/v2\/types\/post"}],"author":[{"embeddable":true,"href":"https:\/\/aytoanchuelo.com\/index.php\/wp-json\/wp\/v2\/users\/2"}],"replies":[{"embeddable":true,"href":"https:\/\/aytoanchuelo.com\/index.php\/wp-json\/wp\/v2\/comments?post=5779"}],"version-history":[{"count":1,"href":"https:\/\/aytoanchuelo.com\/index.php\/wp-json\/wp\/v2\/posts\/5779\/revisions"}],"predecessor-version":[{"id":5781,"href":"https:\/\/aytoanchuelo.com\/index.php\/wp-json\/wp\/v2\/posts\/5779\/revisions\/5781"}],"wp:attachment":[{"href":"https:\/\/aytoanchuelo.com\/index.php\/wp-json\/wp\/v2\/media?parent=5779"}],"wp:term":[{"taxonomy":"category","embeddable":true,"href":"https:\/\/aytoanchuelo.com\/index.php\/wp-json\/wp\/v2\/categories?post=5779"},{"taxonomy":"post_tag","embeddable":true,"href":"https:\/\/aytoanchuelo.com\/index.php\/wp-json\/wp\/v2\/tags?post=5779"}],"curies":[{"name":"wp","href":"https:\/\/api.w.org\/{rel}","templated":true}]}}