{"id":5721,"date":"2024-05-29T13:19:57","date_gmt":"2024-05-29T12:19:57","guid":{"rendered":"https:\/\/aytoanchuelo.com\/?p=5721"},"modified":"2024-05-29T13:19:58","modified_gmt":"2024-05-29T12:19:58","slug":"programa-publico-de-empleo-formacion-para-la-activacion-profesional-destinado-a-revertir-el-despoblamiento-en-los-municipios-rurales-subvencion-para-la-contratacion-de-7-trabajadores","status":"publish","type":"post","link":"https:\/\/aytoanchuelo.com\/index.php\/2024\/05\/29\/programa-publico-de-empleo-formacion-para-la-activacion-profesional-destinado-a-revertir-el-despoblamiento-en-los-municipios-rurales-subvencion-para-la-contratacion-de-7-trabajadores\/","title":{"rendered":"PROGRAMA P\u00daBLICO DE EMPLEO-FORMACI\u00d3N PARA LA ACTIVACI\u00d3N PROFESIONAL DESTINADO A REVERTIR EL DESPOBLAMIENTO EN LOS MUNICIPIOS RURALES. Subvenci\u00f3n para la contrataci\u00f3n de 7 trabajadores"},"content":{"rendered":"\n<p><strong>NOTA INFORMATIVA C\u00d3DIGOS INSCRIPCI\u00d3N<\/strong><\/p>\n\n\n\n<p><strong>PROGRAMA P\u00daBLICO DE EMPLEO-FORMACI\u00d3N PARA LA ACTIVACI\u00d3N PROFESIONAL DESTINADO A REVERTIR EL DESPOBLAMIENTO EN LOS MUNICIPIOS RURALES<\/strong><\/p>\n\n\n\n<p>El Ayuntamiento de Anchuelo ha solicitado a la Comunidad de Madrid subvenci\u00f3n para la contrataci\u00f3n de&nbsp;<strong>7 trabajadores<\/strong>, al amparo de lo establecido en la Orden de la Consejera de Econom\u00eda, Hacienda y Empleo, por la que se convocan subvenciones para 2024 para la realizaci\u00f3n de los&nbsp;Programas P\u00fablicos de Empleo-Formaci\u00f3n para la activaci\u00f3n profesional destinado a&nbsp; revertir&nbsp;el&nbsp;despoblamiento en los municipios Rurales, habiendo resultado beneficiario de la misma.<\/p>\n\n\n\n<p><strong>Los candidatos interesados en cubrir las vacantes, deben estar inscritos en la Oficina de Empleo de Alcal\u00e1 II&nbsp;<\/strong>(Calle Molina de Arag\u00f3n, 1, Alcal\u00e1 de Henares -Madrid-, Tlf de cto.- 91 078 34 54). A efectos informativos, pueden tramitar la inscripci\u00f3n, a la mayor brevedad posible, acudiendo a la Oficina de Empleo de Alcal\u00e1 II o a trav\u00e9s de:<\/p>\n\n\n\n<p>o&nbsp;Cita previa telef\u00f3nica&nbsp;<a target=\"_blank\" rel=\"noreferrer noopener\" href=\"https:\/\/www.comunidad.madrid\/servicios\/empleo\/cita-previa-oficinas-empleo\">https:\/\/www.comunidad.madrid\/servicios\/empleo\/cita-previa-oficinas-empleo<\/a><\/p>\n\n\n\n<p>Llaman el d\u00eda y hora de su elecci\u00f3n.<\/p>\n\n\n\n<p>o&nbsp;Cita previa presencial&nbsp;<a target=\"_blank\" rel=\"noreferrer noopener\" href=\"https:\/\/www.comunidad.madrid\/servicios\/empleo\/cita-previa-oficinas-empleo\">https:\/\/www.comunidad.madrid\/servicios\/empleo\/cita-previa-oficinas-empleo<\/a><\/p>\n\n\n\n<p>o&nbsp;Oficina Virtual&nbsp;<a target=\"_blank\" rel=\"noreferrer noopener\" href=\"https:\/\/oficinavirtualempleo.comunidad.madrid%3Chttps\/oficinavirtualempleo.comunidad.madrid\/%3e%3chttps:\/oficinavirtualempleo.comunidad.madrid%3chttps:\/oficinavirtualempleo.comunidad.madrid\/%3e%3e\">https:\/\/oficinavirtualempleo.comunidad.madrid<\/a><\/p>\n\n\n\n<p>o&nbsp;App de Empleo Oficina Virtual de Empleo &#8211; Aplicaciones en Google Play&lt;<a target=\"_blank\" rel=\"noreferrer noopener\" href=\"https:\/\/play.google.com\/store\/apps\/details?id=org.madrid.sie.empleo&amp;hl=en_US\">https:\/\/play.google.com\/store\/apps\/details?id=org.madrid.sie.empleo&amp;hl=en_US<\/a>&gt;<\/p>\n\n\n\n<p><strong>PUESTOS SOLICITADOS:<\/strong><\/p>\n\n\n\n<p><strong>1.- PUESTO:&nbsp;<\/strong>T\u00c9CNICO DE LA ADMINISTRACI\u00d3N GENERAL<\/p>\n\n\n\n<p><strong>&nbsp; &nbsp; &nbsp;OCUPACI\u00d3N:&nbsp;<\/strong>26231066 T\u00c9CNICO MEDIO DE LA ADMINISTRACI\u00d3N GENERAL<\/p>\n\n\n\n<p>&nbsp; &nbsp; &nbsp;N\u00ba de desempleados a contratar: 1<\/p>\n\n\n\n<p><strong>2.-<\/strong><strong>PUESTO:&nbsp;<\/strong>BARRENDEROS Y AFINES<\/p>\n\n\n\n<p><strong>OCUPACI\u00d3N: &nbsp;<\/strong>94431016 BARRENDEROS<\/p>\n\n\n\n<p>&nbsp; &nbsp; &nbsp;N\u00ba de desempleados a contratar: 3<\/p>\n\n\n\n<p><strong>3.-<\/strong><strong>PUESTO:&nbsp;<\/strong>OFICIAL JARDINERO<\/p>\n\n\n\n<p><strong>OCUPACI\u00d3N:&nbsp;&nbsp;<\/strong>61201028 JARDINEROS EN GENERAL<\/p>\n\n\n\n<p>&nbsp; &nbsp; &nbsp;N\u00ba de desempleados a contratar: 1&nbsp; &nbsp; &nbsp; &nbsp; &nbsp; &nbsp; &nbsp; &nbsp; &nbsp; &nbsp; &nbsp; &nbsp; &nbsp; &nbsp; &nbsp;&nbsp;&nbsp;&nbsp;&nbsp;&nbsp;&nbsp;&nbsp;&nbsp;&nbsp;&nbsp;&nbsp;&nbsp;&nbsp;&nbsp;&nbsp;&nbsp;&nbsp;&nbsp;&nbsp; &nbsp; &nbsp; &nbsp;&nbsp;<\/p>\n\n\n\n<p><strong>4.-<\/strong><strong>PUESTO:&nbsp;<\/strong>ALBA\u00d1IL<\/p>\n\n\n\n<p><strong>OCUPACI\u00d3N:&nbsp;&nbsp;<\/strong>71211015 ALBA\u00d1ILES<\/p>\n\n\n\n<p>&nbsp;&nbsp;&nbsp;&nbsp;&nbsp;N\u00ba de desempleados a contratar: 1<\/p>\n\n\n\n<p><strong>5.-<\/strong><strong>PUESTO:&nbsp;<\/strong>AUXILIAR DE ARCHIVO Y BIBLIOTECA<\/p>\n\n\n\n<p><strong>OCUPACI\u00d3N:&nbsp;<\/strong>42101011 EMPLEADO ADMINISTRATIVO DE ARCHIVOS Y BIBLIOTECAS<\/p>\n\n\n\n<p>&nbsp; &nbsp; &nbsp;N\u00ba de desempleados a contratar: 1<\/p>\n\n\n\n<p>La oficina de empleo llevar\u00e1 a cabo el sondeo y facilitar\u00e1 al Ayuntamiento de Anchuelo un listado de preseleccionados entre los candidatos inscritos que cumplan las condiciones de la Orden de la Consejer\u00eda de Econom\u00eda, Hacienda y Empleo.<\/p>\n\n\n\n<p>La incorporaci\u00f3n a los puestos de trabajo se realizar\u00e1, para el puesto de T\u00e9cnico de la Administraci\u00f3n General el 9 de septiembre de 2024 y para el resto de puestos como m\u00e1ximo el 1 de octubre de 2024.<\/p>\n\n\n\n<div data-wp-interactive=\"core\/file\" class=\"wp-block-file\"><object data-wp-bind--hidden=\"!state.hasPdfPreview\" hidden class=\"wp-block-file__embed\" data=\"https:\/\/aytoanchuelo.com\/wp-content\/uploads\/2024\/05\/wqzqtNOTAINFORMATIVA.pdf\" type=\"application\/pdf\" style=\"width:100%;height:600px\" aria-label=\"Incrustado de wqzqtNOTAINFORMATIVA.\"><\/object><a id=\"wp-block-file--media-1d01cb4e-a694-453c-8afa-4a384d632e2f\" href=\"https:\/\/aytoanchuelo.com\/wp-content\/uploads\/2024\/05\/wqzqtNOTAINFORMATIVA.pdf\">wqzqtNOTAINFORMATIVA<\/a><a href=\"https:\/\/aytoanchuelo.com\/wp-content\/uploads\/2024\/05\/wqzqtNOTAINFORMATIVA.pdf\" class=\"wp-block-file__button wp-element-button\" download aria-describedby=\"wp-block-file--media-1d01cb4e-a694-453c-8afa-4a384d632e2f\">Descarga<\/a><\/div>\n","protected":false},"excerpt":{"rendered":"<p>NOTA INFORMATIVA C\u00d3DIGOS INSCRIPCI\u00d3N PROGRAMA P\u00daBLICO DE EMPLEO-FORMACI\u00d3N PARA LA ACTIVACI\u00d3N PROFESIONAL DESTINADO A REVERTIR EL DESPOBLAMIENTO EN LOS MUNICIPIOS RURALES El Ayuntamiento de Anchuelo ha solicitado a la Comunidad de Madrid subvenci\u00f3n para la contrataci\u00f3n de&nbsp;7 trabajadores, al amparo de lo establecido en la Orden de la Consejera de [&hellip;]<\/p>\n","protected":false},"author":2,"featured_media":0,"comment_status":"closed","ping_status":"closed","sticky":false,"template":"","format":"standard","meta":{"_coblocks_attr":"","_coblocks_dimensions":"","_coblocks_responsive_height":"","_coblocks_accordion_ie_support":"","footnotes":""},"categories":[36,98],"tags":[],"class_list":["post-5721","post","type-post","status-publish","format-standard","hentry","category-ayuntamiento","category-empleo"],"_links":{"self":[{"href":"https:\/\/aytoanchuelo.com\/index.php\/wp-json\/wp\/v2\/posts\/5721","targetHints":{"allow":["GET"]}}],"collection":[{"href":"https:\/\/aytoanchuelo.com\/index.php\/wp-json\/wp\/v2\/posts"}],"about":[{"href":"https:\/\/aytoanchuelo.com\/index.php\/wp-json\/wp\/v2\/types\/post"}],"author":[{"embeddable":true,"href":"https:\/\/aytoanchuelo.com\/index.php\/wp-json\/wp\/v2\/users\/2"}],"replies":[{"embeddable":true,"href":"https:\/\/aytoanchuelo.com\/index.php\/wp-json\/wp\/v2\/comments?post=5721"}],"version-history":[{"count":1,"href":"https:\/\/aytoanchuelo.com\/index.php\/wp-json\/wp\/v2\/posts\/5721\/revisions"}],"predecessor-version":[{"id":5723,"href":"https:\/\/aytoanchuelo.com\/index.php\/wp-json\/wp\/v2\/posts\/5721\/revisions\/5723"}],"wp:attachment":[{"href":"https:\/\/aytoanchuelo.com\/index.php\/wp-json\/wp\/v2\/media?parent=5721"}],"wp:term":[{"taxonomy":"category","embeddable":true,"href":"https:\/\/aytoanchuelo.com\/index.php\/wp-json\/wp\/v2\/categories?post=5721"},{"taxonomy":"post_tag","embeddable":true,"href":"https:\/\/aytoanchuelo.com\/index.php\/wp-json\/wp\/v2\/tags?post=5721"}],"curies":[{"name":"wp","href":"https:\/\/api.w.org\/{rel}","templated":true}]}}