{"id":5700,"date":"2023-11-15T14:19:19","date_gmt":"2023-11-15T13:19:19","guid":{"rendered":"https:\/\/aytoanchuelo.com\/?p=5700"},"modified":"2023-11-15T14:19:21","modified_gmt":"2023-11-15T13:19:21","slug":"estrategia-de-desarrollo-local-participativo-aracove-para-el-periodo-2023-2027","status":"publish","type":"post","link":"https:\/\/aytoanchuelo.com\/index.php\/2023\/11\/15\/estrategia-de-desarrollo-local-participativo-aracove-para-el-periodo-2023-2027\/","title":{"rendered":"ESTRATEGIA DE DESARROLLO LOCAL PARTICIPATIVO ARACOVE PARA EL PERIODO  2023-2027"},"content":{"rendered":"\n<p>Desde el Ayuntamiento de Anchuelo os invitamos a participar en la elaboraci\u00f3n de la\u00a0<strong>Estrategia de Desarrollo Local Participativo para el periodo 2023-2027 que se va a llevar a cabo desde nuestro Grupo de Acci\u00f3n Local ARACOVE.<\/strong><\/p>\n\n\n\n<p>Esta Estrategia nos permitir\u00e1 acceder a los fondos europeos LEADER, con los que podremos contribuir al desarrollo de la comarca de Las Vegas y Alcarria de Alcal\u00e1, sus empresas y su ciudadan\u00eda, como venimos haciendo desde hace a\u00f1os. Queremos que las necesidades, oportunidades y desaf\u00edos que t\u00fa puedas identificar en relaci\u00f3n a nuestra comarca, aparezcan reflejadas en la Estrategia y, para eso, necesitamos que nos las cuentes.<\/p>\n\n\n\n<p>Inscr\u00edbete en el Focus Group que te interese a trav\u00e9s del enlace que indicamos a continuaci\u00f3n y comparte con nosotros tu visi\u00f3n de la comarca.<\/p>\n\n\n\n<ul class=\"wp-block-list\">\n<li>Formulario de inscripci\u00f3n en los Focus Groups:&nbsp;.<\/li>\n<\/ul>\n\n\n\n<p>Las fechas y ubicaciones de los Focus Groups son las siguientes:<\/p>\n\n\n\n<ul class=\"wp-block-list\">\n<li>Olmeda de las Fuentes. d\u00eda 20 de nov, 18:00h-20:00h. Sal\u00f3n de plenos del ayuntamiento&nbsp;<a href=\"https:\/\/maps.app.goo.gl\/grvpxDUof8SBGt9w9\">https:\/\/maps.app.goo.gl\/grvpxDUof8SBGt9w9<\/a><\/li>\n\n\n\n<li>Morata de Taju\u00f1a. 21 nov, 18:00h-20:00h. Sala Casa Maccrohon.&nbsp;<a href=\"https:\/\/maps.app.goo.gl\/aewrtbLHKvcuradD9\">https:\/\/maps.app.goo.gl\/aewrtbLHKvcuradD9<\/a><\/li>\n\n\n\n<li>Villarejo de Salvan\u00e9s. D\u00eda 22 de nov, 18:00h-20:00h. Centro cultural Luis de Requesens&nbsp;<a href=\"https:\/\/maps.app.goo.gl\/KvS5oPFZ6Z2z8H148\">https:\/\/maps.app.goo.gl\/KvS5oPFZ6Z2z8H148<\/a><\/li>\n<\/ul>\n\n\n\n<p>Si quieres m\u00e1s informaci\u00f3n, entra en la web del proceso de participaci\u00f3n:<\/p>\n\n\n\n<figure class=\"wp-block-embed is-type-wp-embed is-provider-plataforma-de-participacion-de-aracove wp-block-embed-plataforma-de-participacion-de-aracove\"><div class=\"wp-block-embed__wrapper\">\n<blockquote class=\"wp-embedded-content\" data-secret=\"7C9Id7rBKl\"><a href=\"https:\/\/escucha.aracove.com\/\">Inicio<\/a><\/blockquote><iframe loading=\"lazy\" class=\"wp-embedded-content\" sandbox=\"allow-scripts\" security=\"restricted\" style=\"position: absolute; clip: rect(1px, 1px, 1px, 1px);\" title=\"\u00abInicio\u00bb \u2014 Plataforma de Participaci\u00f3n de ARACOVE\" src=\"https:\/\/escucha.aracove.com\/embed\/#?secret=Q8pTGylyys#?secret=7C9Id7rBKl\" data-secret=\"7C9Id7rBKl\" width=\"600\" height=\"338\" frameborder=\"0\" marginwidth=\"0\" marginheight=\"0\" scrolling=\"no\"><\/iframe>\n<\/div><\/figure>\n","protected":false},"excerpt":{"rendered":"<p>Desde el Ayuntamiento de Anchuelo os invitamos a participar en la elaboraci\u00f3n de la\u00a0Estrategia de Desarrollo Local Participativo para el periodo 2023-2027 que se va a llevar a cabo desde nuestro Grupo de Acci\u00f3n Local ARACOVE. Esta Estrategia nos permitir\u00e1 acceder a los fondos europeos LEADER, con los que podremos [&hellip;]<\/p>\n","protected":false},"author":2,"featured_media":0,"comment_status":"closed","ping_status":"closed","sticky":false,"template":"","format":"standard","meta":{"_coblocks_attr":"","_coblocks_dimensions":"","_coblocks_responsive_height":"","_coblocks_accordion_ie_support":"","footnotes":""},"categories":[35],"tags":[],"class_list":["post-5700","post","type-post","status-publish","format-standard","hentry","category-noticias"],"_links":{"self":[{"href":"https:\/\/aytoanchuelo.com\/index.php\/wp-json\/wp\/v2\/posts\/5700","targetHints":{"allow":["GET"]}}],"collection":[{"href":"https:\/\/aytoanchuelo.com\/index.php\/wp-json\/wp\/v2\/posts"}],"about":[{"href":"https:\/\/aytoanchuelo.com\/index.php\/wp-json\/wp\/v2\/types\/post"}],"author":[{"embeddable":true,"href":"https:\/\/aytoanchuelo.com\/index.php\/wp-json\/wp\/v2\/users\/2"}],"replies":[{"embeddable":true,"href":"https:\/\/aytoanchuelo.com\/index.php\/wp-json\/wp\/v2\/comments?post=5700"}],"version-history":[{"count":2,"href":"https:\/\/aytoanchuelo.com\/index.php\/wp-json\/wp\/v2\/posts\/5700\/revisions"}],"predecessor-version":[{"id":5702,"href":"https:\/\/aytoanchuelo.com\/index.php\/wp-json\/wp\/v2\/posts\/5700\/revisions\/5702"}],"wp:attachment":[{"href":"https:\/\/aytoanchuelo.com\/index.php\/wp-json\/wp\/v2\/media?parent=5700"}],"wp:term":[{"taxonomy":"category","embeddable":true,"href":"https:\/\/aytoanchuelo.com\/index.php\/wp-json\/wp\/v2\/categories?post=5700"},{"taxonomy":"post_tag","embeddable":true,"href":"https:\/\/aytoanchuelo.com\/index.php\/wp-json\/wp\/v2\/tags?post=5700"}],"curies":[{"name":"wp","href":"https:\/\/api.w.org\/{rel}","templated":true}]}}