{"id":5689,"date":"2023-10-06T11:06:27","date_gmt":"2023-10-06T10:06:27","guid":{"rendered":"https:\/\/aytoanchuelo.com\/?p=5689"},"modified":"2023-10-06T11:06:28","modified_gmt":"2023-10-06T10:06:28","slug":"nota-informativa-aclaratoria-codigos-inscripcion-programa-publico-de-empleo-formacion-para-la-activacion-profesional-destinado-a-revertir-el-despoblamiento-en-los-municipios-rurales","status":"publish","type":"post","link":"https:\/\/aytoanchuelo.com\/index.php\/2023\/10\/06\/nota-informativa-aclaratoria-codigos-inscripcion-programa-publico-de-empleo-formacion-para-la-activacion-profesional-destinado-a-revertir-el-despoblamiento-en-los-municipios-rurales\/","title":{"rendered":"NOTA INFORMATIVA ACLARATORIA C\u00d3DIGOS INSCRIPCI\u00d3N. PROGRAMA P\u00daBLICO DE EMPLEO-FORMACI\u00d3N PARA LA ACTIVACI\u00d3N PROFESIONAL DESTINADO A REVERTIR EL DESPOBLAMIENTO EN LOS MUNICIPIOS RURALES."},"content":{"rendered":"\n<p>El Ayuntamiento de Anchuelo ha solicitado a la Comunidad de Madrid subvenci\u00f3n para la contrataci\u00f3n de <strong><u>5 trabajadores<\/u><\/strong>, al amparo de lo establecido en la Orden del Consejero de Econom\u00eda, Hacienda y Empleo, por la que se convocan subvenciones para 2023 para la realizaci\u00f3n de los Programas P\u00fablicos de Empleo-Formaci\u00f3n para la activaci\u00f3n profesional destinado a revertir el despoblamiento en los municipios Rurales, habiendo resultado beneficiario de la misma.<\/p>\n\n\n\n<p><strong><u>Los candidatos interesados en cubrir las vacantes, deben estar inscritos en la Oficina de Empleo de Alcal\u00e1 II <\/u><\/strong>(Calle Molina de Arag\u00f3n, 1, Alcal\u00e1 de Henares -Madrid-, Tlf de cto.- 91 078 34 54). A efectos informativos, pueden tramitar la inscripci\u00f3n, a la mayor brevedad posible, a trav\u00e9s de la direcci\u00f3n de correo electr\u00f3nico <a href=\"mailto:oealcala@madrid.org\">oealcala@madrid.org<\/a><\/p>\n\n\n\n<p><strong><u>PUESTOS SOLICITADOS:<\/u><\/strong><\/p>\n\n\n\n<p><strong>&nbsp; 1.- PUESTO: <\/strong>TECNICO DE LA ADMINISTRACION GENERAL<\/p>\n\n\n\n<p><strong>\u00a0\u00a0\u00a0\u00a0\u00a0\u00a0\u00a0OCUPACI\u00d3N:\u00a0<\/strong>2623-Especialistas de la Administraci\u00f3n P\u00fablica<\/p>\n\n\n\n<p>\u00a0\u00a0\u00a0\u00a0\u00a0\u00a0\u00a0\u00a0\u00a0\u00a0\u00a0\u00a0\u00a0\u00a0\u00a0\u00a0\u00a0\u00a0\u00a0\u00a0\u00a0\u00a0\u00a0\u00a0\u00a0     N\u00ba de desempleados a contratar: 1<\/p>\n\n\n\n<p><strong>&nbsp;&nbsp;&nbsp;&nbsp;&nbsp;&nbsp; 2.-<\/strong> <strong>PUESTO: <\/strong>BARRENDERO<\/p>\n\n\n\n<p>\u00a0\u00a0\u00a0\u00a0\u00a0\u00a0 <strong>OCUPACI\u00d3N:\u00a0<\/strong><strong>94431016<\/strong>-Barrenderos y afines<\/p>\n\n\n\n<p>\u00a0\u00a0\u00a0\u00a0\u00a0\u00a0\u00a0\u00a0\u00a0\u00a0\u00a0\u00a0\u00a0\u00a0\u00a0\u00a0\u00a0\u00a0\u00a0\u00a0 <strong>\u00a0\u00a0\u00a0<\/strong>\u00a0\u00a0\u00a0\u00a0\u00a0\u00a0N\u00ba de desempleados a contratar: 3<\/p>\n\n\n\n<p><strong>&nbsp;&nbsp;&nbsp;&nbsp;&nbsp;&nbsp; 3.-<\/strong> <strong>PUESTO: <\/strong>OPERARIO DE SERVICIOS M\u00daLTIPLES<\/p>\n\n\n\n<p>\u00a0\u00a0\u00a0\u00a0\u00a0\u00a0 <strong>OCUPACIONES\/C\u00d3DIGOS:\u00a0 96021013 Y 94421013<\/strong><\/p>\n\n\n\n<p>\u00a0\u00a0\u00a0\u00a0\u00a0\u00a0\u00a0\u00a0\u00a0\u00a0\u00a0\u00a0\u00a0\u00a0\u00a0\u00a0\u00a0\u00a0\u00a0\u00a0 <strong>\u00a0\u00a0\u00a0<\/strong>\u00a0\u00a0\u00a0\u00a0\u00a0\u00a0\u00a0\u00a0\u00a0\u00a0\u00a0\u00a0\u00a0\u00a0\u00a0\u00a0\u00a0\u00a0\u00a0\u00a0\u00a0\u00a0\u00a0\u00a0\u00a0\u00a0\u00a0\u00a0N\u00ba de desempleados a contratar: 1<\/p>\n\n\n\n<p>La oficina de empleo llevar\u00e1 a cabo el sondeo y facilitar\u00e1 al Ayuntamiento de Anchuelo un listado de preseleccionados entre los candidatos inscritos que cumplan las condiciones de la Orden de la Consejer\u00eda de Econom\u00eda, Hacienda y Empleo.<\/p>\n\n\n\n<p>La incorporaci\u00f3n a los puestos de trabajo se realizar\u00e1 en el mes de octubre, como m\u00e1ximo el 1 de noviembre de 2023.<\/p>\n\n\n\n<div data-wp-interactive=\"core\/file\" class=\"wp-block-file\"><object data-wp-bind--hidden=\"!state.hasPdfPreview\" hidden class=\"wp-block-file__embed\" data=\"https:\/\/aytoanchuelo.com\/wp-content\/uploads\/2023\/10\/NOTA-INFORMATIVA-ACALARATORIA_.pdf\" type=\"application\/pdf\" style=\"width:100%;height:600px\" aria-label=\"Incrustado de NOTA-INFORMATIVA-ACALARATORIA_.\"><\/object><a id=\"wp-block-file--media-7c2ca225-e8d7-42a2-a234-013399d81536\" href=\"https:\/\/aytoanchuelo.com\/wp-content\/uploads\/2023\/10\/NOTA-INFORMATIVA-ACALARATORIA_.pdf\">NOTA-INFORMATIVA-ACALARATORIA_<\/a><a href=\"https:\/\/aytoanchuelo.com\/wp-content\/uploads\/2023\/10\/NOTA-INFORMATIVA-ACALARATORIA_.pdf\" class=\"wp-block-file__button wp-element-button\" download aria-describedby=\"wp-block-file--media-7c2ca225-e8d7-42a2-a234-013399d81536\">Descarga<\/a><\/div>\n","protected":false},"excerpt":{"rendered":"<p>El Ayuntamiento de Anchuelo ha solicitado a la Comunidad de Madrid subvenci\u00f3n para la contrataci\u00f3n de 5 trabajadores, al amparo de lo establecido en la Orden del Consejero de Econom\u00eda, Hacienda y Empleo, por la que se convocan subvenciones para 2023 para la realizaci\u00f3n de los Programas P\u00fablicos de Empleo-Formaci\u00f3n [&hellip;]<\/p>\n","protected":false},"author":2,"featured_media":0,"comment_status":"closed","ping_status":"closed","sticky":false,"template":"","format":"standard","meta":{"_coblocks_attr":"","_coblocks_dimensions":"","_coblocks_responsive_height":"","_coblocks_accordion_ie_support":"","footnotes":""},"categories":[98,35],"tags":[],"class_list":["post-5689","post","type-post","status-publish","format-standard","hentry","category-empleo","category-noticias"],"_links":{"self":[{"href":"https:\/\/aytoanchuelo.com\/index.php\/wp-json\/wp\/v2\/posts\/5689","targetHints":{"allow":["GET"]}}],"collection":[{"href":"https:\/\/aytoanchuelo.com\/index.php\/wp-json\/wp\/v2\/posts"}],"about":[{"href":"https:\/\/aytoanchuelo.com\/index.php\/wp-json\/wp\/v2\/types\/post"}],"author":[{"embeddable":true,"href":"https:\/\/aytoanchuelo.com\/index.php\/wp-json\/wp\/v2\/users\/2"}],"replies":[{"embeddable":true,"href":"https:\/\/aytoanchuelo.com\/index.php\/wp-json\/wp\/v2\/comments?post=5689"}],"version-history":[{"count":1,"href":"https:\/\/aytoanchuelo.com\/index.php\/wp-json\/wp\/v2\/posts\/5689\/revisions"}],"predecessor-version":[{"id":5691,"href":"https:\/\/aytoanchuelo.com\/index.php\/wp-json\/wp\/v2\/posts\/5689\/revisions\/5691"}],"wp:attachment":[{"href":"https:\/\/aytoanchuelo.com\/index.php\/wp-json\/wp\/v2\/media?parent=5689"}],"wp:term":[{"taxonomy":"category","embeddable":true,"href":"https:\/\/aytoanchuelo.com\/index.php\/wp-json\/wp\/v2\/categories?post=5689"},{"taxonomy":"post_tag","embeddable":true,"href":"https:\/\/aytoanchuelo.com\/index.php\/wp-json\/wp\/v2\/tags?post=5689"}],"curies":[{"name":"wp","href":"https:\/\/api.w.org\/{rel}","templated":true}]}}