{"id":5649,"date":"2023-06-19T21:07:57","date_gmt":"2023-06-19T20:07:57","guid":{"rendered":"https:\/\/aytoanchuelo.com\/?p=5649"},"modified":"2023-06-19T21:07:59","modified_gmt":"2023-06-19T20:07:59","slug":"nuevo-equipo-de-gobierno-para-el-ayuntamiento-de-anchuelo","status":"publish","type":"post","link":"https:\/\/aytoanchuelo.com\/index.php\/2023\/06\/19\/nuevo-equipo-de-gobierno-para-el-ayuntamiento-de-anchuelo\/","title":{"rendered":"Nuevo equipo de gobierno para el Ayuntamiento de Anchuelo"},"content":{"rendered":"\n<p>Anchuelo, 19 de junio de 2023 &#8211; Tras las elecciones municipales celebradas el pasado 28 de mayo, el Ayuntamiento de Anchuelo ha constituido oficialmente su nueva Corporaci\u00f3n Local. En una ceremonia realizada el 17 de junio, D. Javier Doncel Fern\u00e1ndez fue elegido Alcalde-Presidente del municipio.<\/p>\n\n\n\n<p>En virtud del Decreto 78\/2023, el Alcalde ha designado a los Tenientes de Alcalde que le acompa\u00f1ar\u00e1n en la gesti\u00f3n de las responsabilidades municipales. El Primer Teniente de Alcalde ser\u00e1 D. Antonio S\u00e1nchez Huete, mientras que el Segundo Teniente de Alcalde ser\u00e1 D. Jorge D\u00edaz Flores. Ambos concejales, que ya cuentan con experiencia en la anterior legislatura y una profunda vocaci\u00f3n de servicio p\u00fablico, contin\u00faan en el equipo de gobierno para trabajar en beneficio de la comunidad corita.<\/p>\n\n\n\n<p>Adem\u00e1s, mediante el Decreto 80\/2023, el Alcalde ha delegado las competencias en distintas \u00e1reas municipales. D. Antonio S\u00e1nchez Huete asumir\u00e1 la Concejal\u00eda Delegada de Obras y Servicios, Infraestructuras y Festejos Taurinos, encarg\u00e1ndose de temas relacionados con obras p\u00fablicas, mantenimiento de infraestructuras, relaciones con el Canal de Isabel II, urbanismo, movilidad, transporte p\u00fablico y festejos taurinos.<\/p>\n\n\n\n<p>Por su parte, D. Jorge D\u00edaz Flores asumir\u00e1 la Concejal\u00eda Delegada de Econom\u00eda, Hacienda y Administraci\u00f3n, responsabiliz\u00e1ndose de asuntos relacionados con econom\u00eda, desarrollo econ\u00f3mico, hacienda municipal, personal, r\u00e9gimen interior, organizaci\u00f3n administrativa, transparencia, coordinaci\u00f3n del equipo de gobierno, nuevas tecnolog\u00edas, deportes, juventud e infancia.<\/p>\n\n\n\n<p>D.\u00aa Montserrat Alarc\u00f3n Alen asumir\u00e1 la Concejal\u00eda Delegada de Medio Ambiente, Festejos y Participaci\u00f3n Ciudadana, abarcando \u00e1reas como medio ambiente, festejos, cultura y participaci\u00f3n ciudadana. Por \u00faltimo, D.\u00aa Gladys Sharon Murgu\u00eda Cortez estar\u00e1 al frente de la Concejal\u00eda Delegada de Bienestar Social, Sanidad y Educaci\u00f3n, gestionando asuntos relacionados con servicios sociales y asistenciales, igualdad de oportunidades, atenci\u00f3n a mayores, promoci\u00f3n de la salud y educaci\u00f3n.<\/p>\n\n\n\n<p>Con este nuevo equipo de gobierno, el Ayuntamiento de Anchuelo busca impulsar el desarrollo del municipio, atender las necesidades de los vecinos y promover la participaci\u00f3n ciudadana en la toma de decisiones. El Alcalde, D. Javier Doncel Fern\u00e1ndez, ha expresado su confianza en el compromiso y la capacidad de trabajo de todos los concejales, afirmando que juntos trabajar\u00e1n para construir un Anchuelo mejor y m\u00e1s pr\u00f3spero para todos sus habitantes.<\/p>\n\n\n\n<p>Para m\u00e1s informaci\u00f3n sobre las funciones y proyectos del Ayuntamiento de Anchuelo, se invita a los ciudadanos a visitar la p\u00e1gina web oficial del municipio, donde se ir\u00e1n actualizando las noticias y actividades relacionadas con la gesti\u00f3n municipal.<\/p>\n","protected":false},"excerpt":{"rendered":"<p>Anchuelo, 19 de junio de 2023 &#8211; Tras las elecciones municipales celebradas el pasado 28 de mayo, el Ayuntamiento de Anchuelo ha constituido oficialmente su nueva Corporaci\u00f3n Local. En una ceremonia realizada el 17 de junio, D. Javier Doncel Fern\u00e1ndez fue elegido Alcalde-Presidente del municipio. En virtud del Decreto 78\/2023, [&hellip;]<\/p>\n","protected":false},"author":1,"featured_media":5650,"comment_status":"closed","ping_status":"closed","sticky":false,"template":"","format":"standard","meta":{"_coblocks_attr":"","_coblocks_dimensions":"","_coblocks_responsive_height":"","_coblocks_accordion_ie_support":"","footnotes":""},"categories":[35],"tags":[],"class_list":["post-5649","post","type-post","status-publish","format-standard","has-post-thumbnail","hentry","category-noticias"],"_links":{"self":[{"href":"https:\/\/aytoanchuelo.com\/index.php\/wp-json\/wp\/v2\/posts\/5649","targetHints":{"allow":["GET"]}}],"collection":[{"href":"https:\/\/aytoanchuelo.com\/index.php\/wp-json\/wp\/v2\/posts"}],"about":[{"href":"https:\/\/aytoanchuelo.com\/index.php\/wp-json\/wp\/v2\/types\/post"}],"author":[{"embeddable":true,"href":"https:\/\/aytoanchuelo.com\/index.php\/wp-json\/wp\/v2\/users\/1"}],"replies":[{"embeddable":true,"href":"https:\/\/aytoanchuelo.com\/index.php\/wp-json\/wp\/v2\/comments?post=5649"}],"version-history":[{"count":1,"href":"https:\/\/aytoanchuelo.com\/index.php\/wp-json\/wp\/v2\/posts\/5649\/revisions"}],"predecessor-version":[{"id":5651,"href":"https:\/\/aytoanchuelo.com\/index.php\/wp-json\/wp\/v2\/posts\/5649\/revisions\/5651"}],"wp:featuredmedia":[{"embeddable":true,"href":"https:\/\/aytoanchuelo.com\/index.php\/wp-json\/wp\/v2\/media\/5650"}],"wp:attachment":[{"href":"https:\/\/aytoanchuelo.com\/index.php\/wp-json\/wp\/v2\/media?parent=5649"}],"wp:term":[{"taxonomy":"category","embeddable":true,"href":"https:\/\/aytoanchuelo.com\/index.php\/wp-json\/wp\/v2\/categories?post=5649"},{"taxonomy":"post_tag","embeddable":true,"href":"https:\/\/aytoanchuelo.com\/index.php\/wp-json\/wp\/v2\/tags?post=5649"}],"curies":[{"name":"wp","href":"https:\/\/api.w.org\/{rel}","templated":true}]}}