{"id":5640,"date":"2023-06-02T12:07:50","date_gmt":"2023-06-02T11:07:50","guid":{"rendered":"https:\/\/aytoanchuelo.com\/?p=5640"},"modified":"2023-06-02T12:07:52","modified_gmt":"2023-06-02T11:07:52","slug":"horario-bibliobus-verano-2023-en-junio-y-septiembre-en-julio-y-agosto-sin-servicio","status":"publish","type":"post","link":"https:\/\/aytoanchuelo.com\/index.php\/2023\/06\/02\/horario-bibliobus-verano-2023-en-junio-y-septiembre-en-julio-y-agosto-sin-servicio\/","title":{"rendered":"HORARIO BIBLIOBUS. VERANO 2023, EN JUNIO Y SEPTIEMBRE. (EN JULIO Y AGOSTO SIN SERVICIO)"},"content":{"rendered":"\n<p>El Bibliobus prestara sus servicios en \u00e9poca estival en:<\/p>\n\n\n\n<p>&#8211;&nbsp;<strong>En Junio:<\/strong>&nbsp;Los d\u00edas 2, 16 y 30 en horario de 12:00 a 14:45<\/p>\n\n\n\n<p>&#8211;&nbsp;<strong>En septiembre:&nbsp;<\/strong>Los d\u00edas 1, 15 y 29 en horario de 12:00 a 14:45<\/p>\n\n\n\n<p>&nbsp;Nota.&nbsp;<em><strong>En Julio y Agosto no habr\u00e1 servicio de Bibliobus<\/strong><\/em>.<\/p>\n\n\n\n<div data-wp-interactive=\"core\/file\" class=\"wp-block-file\"><object data-wp-bind--hidden=\"!state.hasPdfPreview\" hidden class=\"wp-block-file__embed\" data=\"https:\/\/aytoanchuelo.com\/wp-content\/uploads\/2023\/06\/BUS-1-VERANO-2023-003.pdf\" type=\"application\/pdf\" style=\"width:100%;height:600px\" aria-label=\"Incrustado de BUS-1-VERANO-2023-003.\"><\/object><a id=\"wp-block-file--media-f31c5621-2b6e-4465-af92-1096fa0b3e01\" href=\"https:\/\/aytoanchuelo.com\/wp-content\/uploads\/2023\/06\/BUS-1-VERANO-2023-003.pdf\">BUS-1-VERANO-2023-003<\/a><a href=\"https:\/\/aytoanchuelo.com\/wp-content\/uploads\/2023\/06\/BUS-1-VERANO-2023-003.pdf\" class=\"wp-block-file__button wp-element-button\" download aria-describedby=\"wp-block-file--media-f31c5621-2b6e-4465-af92-1096fa0b3e01\">Descarga<\/a><\/div>\n","protected":false},"excerpt":{"rendered":"<p>El Bibliobus prestara sus servicios en \u00e9poca estival en: &#8211;&nbsp;En Junio:&nbsp;Los d\u00edas 2, 16 y 30 en horario de 12:00 a 14:45 &#8211;&nbsp;En septiembre:&nbsp;Los d\u00edas 1, 15 y 29 en horario de 12:00 a 14:45 &nbsp;Nota.&nbsp;En Julio y Agosto no habr\u00e1 servicio de Bibliobus.<\/p>\n","protected":false},"author":2,"featured_media":5077,"comment_status":"closed","ping_status":"closed","sticky":false,"template":"","format":"standard","meta":{"_coblocks_attr":"","_coblocks_dimensions":"","_coblocks_responsive_height":"","_coblocks_accordion_ie_support":"","footnotes":""},"categories":[35],"tags":[],"class_list":["post-5640","post","type-post","status-publish","format-standard","has-post-thumbnail","hentry","category-noticias"],"_links":{"self":[{"href":"https:\/\/aytoanchuelo.com\/index.php\/wp-json\/wp\/v2\/posts\/5640","targetHints":{"allow":["GET"]}}],"collection":[{"href":"https:\/\/aytoanchuelo.com\/index.php\/wp-json\/wp\/v2\/posts"}],"about":[{"href":"https:\/\/aytoanchuelo.com\/index.php\/wp-json\/wp\/v2\/types\/post"}],"author":[{"embeddable":true,"href":"https:\/\/aytoanchuelo.com\/index.php\/wp-json\/wp\/v2\/users\/2"}],"replies":[{"embeddable":true,"href":"https:\/\/aytoanchuelo.com\/index.php\/wp-json\/wp\/v2\/comments?post=5640"}],"version-history":[{"count":2,"href":"https:\/\/aytoanchuelo.com\/index.php\/wp-json\/wp\/v2\/posts\/5640\/revisions"}],"predecessor-version":[{"id":5643,"href":"https:\/\/aytoanchuelo.com\/index.php\/wp-json\/wp\/v2\/posts\/5640\/revisions\/5643"}],"wp:featuredmedia":[{"embeddable":true,"href":"https:\/\/aytoanchuelo.com\/index.php\/wp-json\/wp\/v2\/media\/5077"}],"wp:attachment":[{"href":"https:\/\/aytoanchuelo.com\/index.php\/wp-json\/wp\/v2\/media?parent=5640"}],"wp:term":[{"taxonomy":"category","embeddable":true,"href":"https:\/\/aytoanchuelo.com\/index.php\/wp-json\/wp\/v2\/categories?post=5640"},{"taxonomy":"post_tag","embeddable":true,"href":"https:\/\/aytoanchuelo.com\/index.php\/wp-json\/wp\/v2\/tags?post=5640"}],"curies":[{"name":"wp","href":"https:\/\/api.w.org\/{rel}","templated":true}]}}