{"id":5581,"date":"2022-12-15T09:27:51","date_gmt":"2022-12-15T08:27:51","guid":{"rendered":"https:\/\/aytoanchuelo.com\/?p=5581"},"modified":"2022-12-15T09:27:53","modified_gmt":"2022-12-15T08:27:53","slug":"i-certamen-de-invierno-de-escuelas-taurinas-de-la-cam-plaza-de-toros-de-valdemorillo-1130-h","status":"publish","type":"post","link":"https:\/\/aytoanchuelo.com\/index.php\/2022\/12\/15\/i-certamen-de-invierno-de-escuelas-taurinas-de-la-cam-plaza-de-toros-de-valdemorillo-1130-h\/","title":{"rendered":"I CERTAMEN DE INVIERNO DE ESCUELAS TAURINAS DE LA CAM. PLAZA DE TOROS DE VALDEMORILLO 11:30 H."},"content":{"rendered":"\n<p><strong>S\u00c1BADO 17 DIC<\/strong><br>Vacas de Quintas para:<br>Guillermo San Jos\u00e9 (Juli)<br>L\u00f3pez Ortega (Anchuelo)<br>Curro Mu\u00f1oz (Valdemorillo)<br>Jos\u00e9 Huelves (C. Viejo)<br>\u00c1lvaro Serrano (N. del Rey)<br>Pepe Burdiel (Yiyo)<\/p>\n\n\n\n<p><strong>DOMINGO 18 DIC<br><\/strong>Vacas de Cerro Longo para:<br>Sergio Roll\u00f3n (Juli)<br>Arias Samper (Anchuelo)<br>Juan Saavedra (Valdemorillo)<br>Adri\u00e1n Santamar\u00eda (C. Viejo)<br>Javier Cano (N. del Rey)<br>Gonzalo G\u00f3mez (Yiyo)<\/p>\n\n\n\n<p><strong>VIERNES 30 DIC<br><\/strong>GRAN FINAL EN LA VENTA DEL BAT\u00c1N<\/p>\n\n\n\n<p><strong>ENTRADA GRATUITA<\/strong><br><strong>Imprescindible inscribirse en escuela@plazauno.es, Indicando n\u00famero completo de asistentes (adultos y ni\u00f1os)<\/strong>.<\/p>\n\n\n\n<div class=\"wp-block-file\"><a id=\"wp-block-file--media-1a0eccc7-80a2-4846-9ba6-faad717fef0b\" href=\"https:\/\/aytoanchuelo.com\/wp-content\/uploads\/2022\/12\/1671090041575.jpg\">1671090041575<\/a><a href=\"https:\/\/aytoanchuelo.com\/wp-content\/uploads\/2022\/12\/1671090041575.jpg\" class=\"wp-block-file__button wp-element-button\" download aria-describedby=\"wp-block-file--media-1a0eccc7-80a2-4846-9ba6-faad717fef0b\">Descarga<\/a><\/div>\n","protected":false},"excerpt":{"rendered":"<p>S\u00c1BADO 17 DICVacas de Quintas para:Guillermo San Jos\u00e9 (Juli)L\u00f3pez Ortega (Anchuelo)Curro Mu\u00f1oz (Valdemorillo)Jos\u00e9 Huelves (C. Viejo)\u00c1lvaro Serrano (N. del Rey)Pepe Burdiel (Yiyo) DOMINGO 18 DICVacas de Cerro Longo para:Sergio Roll\u00f3n (Juli)Arias Samper (Anchuelo)Juan Saavedra (Valdemorillo)Adri\u00e1n Santamar\u00eda (C. Viejo)Javier Cano (N. del Rey)Gonzalo G\u00f3mez (Yiyo) VIERNES 30 DICGRAN FINAL EN LA [&hellip;]<\/p>\n","protected":false},"author":2,"featured_media":0,"comment_status":"closed","ping_status":"closed","sticky":false,"template":"","format":"standard","meta":{"_coblocks_attr":"","_coblocks_dimensions":"","_coblocks_responsive_height":"","_coblocks_accordion_ie_support":"","footnotes":""},"categories":[35],"tags":[],"class_list":["post-5581","post","type-post","status-publish","format-standard","hentry","category-noticias"],"_links":{"self":[{"href":"https:\/\/aytoanchuelo.com\/index.php\/wp-json\/wp\/v2\/posts\/5581","targetHints":{"allow":["GET"]}}],"collection":[{"href":"https:\/\/aytoanchuelo.com\/index.php\/wp-json\/wp\/v2\/posts"}],"about":[{"href":"https:\/\/aytoanchuelo.com\/index.php\/wp-json\/wp\/v2\/types\/post"}],"author":[{"embeddable":true,"href":"https:\/\/aytoanchuelo.com\/index.php\/wp-json\/wp\/v2\/users\/2"}],"replies":[{"embeddable":true,"href":"https:\/\/aytoanchuelo.com\/index.php\/wp-json\/wp\/v2\/comments?post=5581"}],"version-history":[{"count":1,"href":"https:\/\/aytoanchuelo.com\/index.php\/wp-json\/wp\/v2\/posts\/5581\/revisions"}],"predecessor-version":[{"id":5583,"href":"https:\/\/aytoanchuelo.com\/index.php\/wp-json\/wp\/v2\/posts\/5581\/revisions\/5583"}],"wp:attachment":[{"href":"https:\/\/aytoanchuelo.com\/index.php\/wp-json\/wp\/v2\/media?parent=5581"}],"wp:term":[{"taxonomy":"category","embeddable":true,"href":"https:\/\/aytoanchuelo.com\/index.php\/wp-json\/wp\/v2\/categories?post=5581"},{"taxonomy":"post_tag","embeddable":true,"href":"https:\/\/aytoanchuelo.com\/index.php\/wp-json\/wp\/v2\/tags?post=5581"}],"curies":[{"name":"wp","href":"https:\/\/api.w.org\/{rel}","templated":true}]}}