{"id":5572,"date":"2022-11-30T08:43:44","date_gmt":"2022-11-30T07:43:44","guid":{"rendered":"https:\/\/aytoanchuelo.com\/?p=5572"},"modified":"2022-12-13T08:24:13","modified_gmt":"2022-12-13T07:24:13","slug":"representacion-del-xi-belen-viviente-de-anchuelo-16-y-17-de-diciembre","status":"publish","type":"post","link":"https:\/\/aytoanchuelo.com\/index.php\/2022\/11\/30\/representacion-del-xi-belen-viviente-de-anchuelo-16-y-17-de-diciembre\/","title":{"rendered":"REPRESENTACI\u00d3N DEL XI BELEN VIVIENTE DE ANCHUELO. 16 Y 17 DE DICIEMBRE."},"content":{"rendered":"\n<p>Este a\u00f1o volvemos a realizar el Bel\u00e9n Viviente de Anchuelo, lo d\u00edas de representaci\u00f3n ser\u00e1n:<\/p>\n\n\n\n<ul class=\"wp-block-list\">\n<li>Viernes 16 de diciembre, primer pase a las 19:00 h<\/li>\n\n\n\n<li>S\u00e1bado 17 de diciembre, primer pase a las 18:00 h.<\/li>\n<\/ul>\n\n\n\n<p>Os esperamos!!!<\/p>\n\n\n\n<figure class=\"wp-block-image size-large\"><img loading=\"lazy\" decoding=\"async\" width=\"525\" height=\"1024\" src=\"https:\/\/aytoanchuelo.com\/wp-content\/uploads\/2022\/11\/XI-BELEN-VIVIENTE-DE-ANCHUELO-525x1024.jpg\" alt=\"\" class=\"wp-image-5573\" srcset=\"https:\/\/aytoanchuelo.com\/wp-content\/uploads\/2022\/11\/XI-BELEN-VIVIENTE-DE-ANCHUELO-525x1024.jpg 525w, https:\/\/aytoanchuelo.com\/wp-content\/uploads\/2022\/11\/XI-BELEN-VIVIENTE-DE-ANCHUELO-154x300.jpg 154w, https:\/\/aytoanchuelo.com\/wp-content\/uploads\/2022\/11\/XI-BELEN-VIVIENTE-DE-ANCHUELO-768x1497.jpg 768w, https:\/\/aytoanchuelo.com\/wp-content\/uploads\/2022\/11\/XI-BELEN-VIVIENTE-DE-ANCHUELO-788x1536.jpg 788w, https:\/\/aytoanchuelo.com\/wp-content\/uploads\/2022\/11\/XI-BELEN-VIVIENTE-DE-ANCHUELO-1051x2048.jpg 1051w, https:\/\/aytoanchuelo.com\/wp-content\/uploads\/2022\/11\/XI-BELEN-VIVIENTE-DE-ANCHUELO-scaled.jpg 1313w\" sizes=\"auto, (max-width: 525px) 100vw, 525px\" \/><\/figure>\n\n\n\n<p>La representaci\u00f3n, ser\u00e1 por las siguientes calles, que estar\u00e1n cerradas al p\u00fablico:<\/p>\n\n\n\n<p><strong>C\/ Ronda Miraliebres, C\/ de Alcal\u00e1, Plaza del Olmo, Traves\u00eda del Olmo, Camino de Corpa, C\/ Mayor, Plaza de Santa Mar\u00eda Magdalena, Calle del Agua, Calle del Coso, Calle del Vencejo, Calle de las Cig\u00fce\u00f1as, Avenida de la Plaza, Plaza Mayor, Costanilla de la Plaza, Camino de Villalbilla y Calle Lavadero.<\/strong><\/p>\n\n\n\n<p>Como en las anteriores ediciones, solicitamos vuestra colaboraci\u00f3n para que todo salga lo mejor posible, especialmente a todos los vecinos que viv\u00e1is en dicho recorrido:<\/p>\n\n\n\n<ul class=\"wp-block-list\">\n<li>Tener las persianas totalmente bajadas, o en su defecto, las luces de la casa apagadas, con el fin de que el pueblo este en la m\u00e1s absoluta oscuridad, facilitando as\u00ed la visualizaci\u00f3n de las escenas<\/li>\n\n\n\n<li>Dentro de las viviendas, deber\u00e9is tener la televisi\u00f3n, la radio o la m\u00fasica, lo m\u00e1s baja posible, de tal manera que el \u00fanico sonido que tengamos en la calle sea la m\u00fasica de ambiente.<\/li>\n\n\n\n<li><strong>TODAS LAS PERSONAS QUE DEJEN SUS VEH\u00cdCULOS APARCADOS EN LAS CALLES DEL RECORRIDO, DEBER\u00c1N APARCARLOS EN EL GARAJE; SI NO FUESE POSIBLE O NO LO TUVIERAN, DEBER\u00c1N DEJARLOS FUERA DEL RECORRIDO DEL BEL\u00c9N, ANTES DE LAS 14:00 Y RECOGERLOS CON POSTERIORIDAD A LA FINALIZACI\u00d3N DE LA REPRESENTACION DEL BEL\u00c9N VIVIENTE.<\/strong><\/li>\n\n\n\n<li>Tan solo se deber\u00e1 transitar por estas calles, \u00fanicamente con car\u00e1cter imprescindible o de urgencia, con el fin de que tan solo circulen los gu\u00edas con los grupos organizados. (Esta es la \u00fanica forma de ver la representaci\u00f3n)<\/li>\n\n\n\n<li>Y por \u00faltimo, que colabor\u00e9is en lo posible con el buen resultado de esta representaci\u00f3n, ya que seguramente se os tendr\u00e1n que pedir distintos tipos de ayuda.<\/li>\n<\/ul>\n\n\n\n<p>Y en nombre de todas las personas que hemos puesto tanta la ilusi\u00f3n en este proyecto, gracias de antemano, por vuestra disponibilidad.<\/p>\n\n\n\n<p><strong><em><u>INSTRUCCIONES PARA VER EL BELEN VIVIENTE:<\/u><\/em><\/strong><\/p>\n\n\n\n<ul class=\"wp-block-list\">\n<li>Esperaremos a que llegue nuestro turno, y pasaremos acompa\u00f1ados de un gu\u00eda, en un grupo organizado<\/li>\n\n\n\n<li>Dentro del recorrido, seguiremos las instrucciones del gu\u00eda, y mantendremos el mayor de los respetos por los actores (Imaginemos que no conocemos a nadie)<\/li>\n\n\n\n<li>Valoremos la representaci\u00f3n, los actores y la organizaci\u00f3n.<\/li>\n\n\n\n<li>Al final del recorrido, podremos tomar un caldito caliente o un chocolate, y seremos invitados a realizar un donativo, cuyo fin social ser\u00e1 la iglesia.<\/li>\n<\/ul>\n","protected":false},"excerpt":{"rendered":"<p>Este a\u00f1o volvemos a realizar el Bel\u00e9n Viviente de Anchuelo, lo d\u00edas de representaci\u00f3n ser\u00e1n: Os esperamos!!! La representaci\u00f3n, ser\u00e1 por las siguientes calles, que estar\u00e1n cerradas al p\u00fablico: C\/ Ronda Miraliebres, C\/ de Alcal\u00e1, Plaza del Olmo, Traves\u00eda del Olmo, Camino de Corpa, C\/ Mayor, Plaza de Santa Mar\u00eda [&hellip;]<\/p>\n","protected":false},"author":2,"featured_media":0,"comment_status":"closed","ping_status":"closed","sticky":false,"template":"","format":"standard","meta":{"_coblocks_attr":"","_coblocks_dimensions":"","_coblocks_responsive_height":"","_coblocks_accordion_ie_support":"","footnotes":""},"categories":[84,61,35],"tags":[],"class_list":["post-5572","post","type-post","status-publish","format-standard","hentry","category-belen-viviente","category-cultura","category-noticias"],"_links":{"self":[{"href":"https:\/\/aytoanchuelo.com\/index.php\/wp-json\/wp\/v2\/posts\/5572","targetHints":{"allow":["GET"]}}],"collection":[{"href":"https:\/\/aytoanchuelo.com\/index.php\/wp-json\/wp\/v2\/posts"}],"about":[{"href":"https:\/\/aytoanchuelo.com\/index.php\/wp-json\/wp\/v2\/types\/post"}],"author":[{"embeddable":true,"href":"https:\/\/aytoanchuelo.com\/index.php\/wp-json\/wp\/v2\/users\/2"}],"replies":[{"embeddable":true,"href":"https:\/\/aytoanchuelo.com\/index.php\/wp-json\/wp\/v2\/comments?post=5572"}],"version-history":[{"count":3,"href":"https:\/\/aytoanchuelo.com\/index.php\/wp-json\/wp\/v2\/posts\/5572\/revisions"}],"predecessor-version":[{"id":5578,"href":"https:\/\/aytoanchuelo.com\/index.php\/wp-json\/wp\/v2\/posts\/5572\/revisions\/5578"}],"wp:attachment":[{"href":"https:\/\/aytoanchuelo.com\/index.php\/wp-json\/wp\/v2\/media?parent=5572"}],"wp:term":[{"taxonomy":"category","embeddable":true,"href":"https:\/\/aytoanchuelo.com\/index.php\/wp-json\/wp\/v2\/categories?post=5572"},{"taxonomy":"post_tag","embeddable":true,"href":"https:\/\/aytoanchuelo.com\/index.php\/wp-json\/wp\/v2\/tags?post=5572"}],"curies":[{"name":"wp","href":"https:\/\/api.w.org\/{rel}","templated":true}]}}