{"id":5535,"date":"2022-09-15T07:32:25","date_gmt":"2022-09-15T06:32:25","guid":{"rendered":"https:\/\/aytoanchuelo.com\/?p=5535"},"modified":"2022-09-15T07:32:26","modified_gmt":"2022-09-15T06:32:26","slug":"rectificacion-importante-concierto-lirico-a-cargo-del-tenor-de-la-catedral-de-valencia-d-miguel-bou-sera-al-final-este-viernes-16-de-septiembre-a-las-1930-en-la-iglesia-de-santa-maria-magdalena-de","status":"publish","type":"post","link":"https:\/\/aytoanchuelo.com\/index.php\/2022\/09\/15\/rectificacion-importante-concierto-lirico-a-cargo-del-tenor-de-la-catedral-de-valencia-d-miguel-bou-sera-al-final-este-viernes-16-de-septiembre-a-las-1930-en-la-iglesia-de-santa-maria-magdalena-de\/","title":{"rendered":"RECTIFICACION IMPORTANTE CONCIERTO L\u00cdRICO A CARGO DEL TENOR DE LA CATEDRAL DE VALENCIA D. MIGUEL BOU. ser\u00e1 al final este viernes 16 de septiembre a las 19:30, en la Iglesia de Santa Mar\u00eda Magdalena de Anchuelo."},"content":{"rendered":"\n<div data-wp-interactive=\"core\/file\" class=\"wp-block-file\"><object data-wp-bind--hidden=\"!state.hasPdfPreview\" hidden class=\"wp-block-file__embed\" data=\"https:\/\/aytoanchuelo.com\/wp-content\/uploads\/2022\/09\/CARTEL-CONCIERTO-LIRICO-2022.pdf\" type=\"application\/pdf\" style=\"width:100%;height:600px\" aria-label=\"Incrustado de Incrustado de CARTEL-CONCIERTO-LIRICO-2022..\"><\/object><a id=\"wp-block-file--media-dbd9d991-9b72-47df-a747-b091f9a2fc6e\" href=\"https:\/\/aytoanchuelo.com\/wp-content\/uploads\/2022\/09\/CARTEL-CONCIERTO-LIRICO-2022.pdf\">CARTEL-CONCIERTO-LIRICO-2022<\/a><a href=\"https:\/\/aytoanchuelo.com\/wp-content\/uploads\/2022\/09\/CARTEL-CONCIERTO-LIRICO-2022.pdf\" class=\"wp-block-file__button\" download aria-describedby=\"wp-block-file--media-dbd9d991-9b72-47df-a747-b091f9a2fc6e\">Descarga<\/a><\/div>\n","protected":false},"excerpt":{"rendered":"","protected":false},"author":2,"featured_media":0,"comment_status":"closed","ping_status":"closed","sticky":false,"template":"","format":"standard","meta":{"_coblocks_attr":"","_coblocks_dimensions":"","_coblocks_responsive_height":"","_coblocks_accordion_ie_support":"","footnotes":""},"categories":[61,35],"tags":[],"class_list":["post-5535","post","type-post","status-publish","format-standard","hentry","category-cultura","category-noticias"],"_links":{"self":[{"href":"https:\/\/aytoanchuelo.com\/index.php\/wp-json\/wp\/v2\/posts\/5535","targetHints":{"allow":["GET"]}}],"collection":[{"href":"https:\/\/aytoanchuelo.com\/index.php\/wp-json\/wp\/v2\/posts"}],"about":[{"href":"https:\/\/aytoanchuelo.com\/index.php\/wp-json\/wp\/v2\/types\/post"}],"author":[{"embeddable":true,"href":"https:\/\/aytoanchuelo.com\/index.php\/wp-json\/wp\/v2\/users\/2"}],"replies":[{"embeddable":true,"href":"https:\/\/aytoanchuelo.com\/index.php\/wp-json\/wp\/v2\/comments?post=5535"}],"version-history":[{"count":1,"href":"https:\/\/aytoanchuelo.com\/index.php\/wp-json\/wp\/v2\/posts\/5535\/revisions"}],"predecessor-version":[{"id":5537,"href":"https:\/\/aytoanchuelo.com\/index.php\/wp-json\/wp\/v2\/posts\/5535\/revisions\/5537"}],"wp:attachment":[{"href":"https:\/\/aytoanchuelo.com\/index.php\/wp-json\/wp\/v2\/media?parent=5535"}],"wp:term":[{"taxonomy":"category","embeddable":true,"href":"https:\/\/aytoanchuelo.com\/index.php\/wp-json\/wp\/v2\/categories?post=5535"},{"taxonomy":"post_tag","embeddable":true,"href":"https:\/\/aytoanchuelo.com\/index.php\/wp-json\/wp\/v2\/tags?post=5535"}],"curies":[{"name":"wp","href":"https:\/\/api.w.org\/{rel}","templated":true}]}}