{"id":5526,"date":"2022-08-22T07:43:45","date_gmt":"2022-08-22T06:43:45","guid":{"rendered":"https:\/\/aytoanchuelo.com\/?p=5526"},"modified":"2022-08-22T07:43:47","modified_gmt":"2022-08-22T06:43:47","slug":"corte-carretera-m-226-el-domingo-28-de-agosto-de-2022-por-procesion-de-la-subida-de-la-virgen-de-la-humosa","status":"publish","type":"post","link":"https:\/\/aytoanchuelo.com\/index.php\/2022\/08\/22\/corte-carretera-m-226-el-domingo-28-de-agosto-de-2022-por-procesion-de-la-subida-de-la-virgen-de-la-humosa\/","title":{"rendered":"Corte carretera  M-226, el domingo 28 de agosto de 2022, por Procesi\u00f3n de la Subida de la Virgen de la Humosa."},"content":{"rendered":"\n<p>Nos comunican desde el Ayuntamiento de Los Santos de la Humosa, que con motivo de la celebraci\u00f3n de la Procesi\u00f3n de la Subida de la Virgen de la Humosa el pr\u00f3ximo domingo 28 de agosto de 2022, se informa a todos los vecinos y usuarios de la carretera M226 que permanecer\u00e1 cortada al tr\u00e1fico de veh\u00edculos en horario de 20:00 a 23:00 horas, para que el acto discurra con la mayor seguridad.<\/p>\n\n\n\n<p>El corte de tr\u00e1fico est\u00e1 autorizado por la Jefatura Provincial de Tr\u00e1fico de Madrid y la Direcci\u00f3n General de Carreteras de la Comunidad de Madrid.<\/p>\n\n\n\n<div data-wp-interactive=\"core\/file\" class=\"wp-block-file\"><object data-wp-bind--hidden=\"!state.hasPdfPreview\" hidden class=\"wp-block-file__embed\" data=\"https:\/\/aytoanchuelo.com\/wp-content\/uploads\/2022\/08\/20220819_Publicacion_Bando-corte-M226-Fiestas-Patronales-2022.-1.pdf\" type=\"application\/pdf\" style=\"width:100%;height:600px\" aria-label=\"Incrustado de Incrustado de 20220819_Publicacion_Bando-corte-M226-Fiestas-Patronales-2022.-1..\"><\/object><a id=\"wp-block-file--media-e6d6f9f9-b56e-493f-ab02-3572006508cf\" href=\"https:\/\/aytoanchuelo.com\/wp-content\/uploads\/2022\/08\/20220819_Publicacion_Bando-corte-M226-Fiestas-Patronales-2022.-1.pdf\">20220819_Publicacion_Bando-corte-M226-Fiestas-Patronales-2022.-1<\/a><a href=\"https:\/\/aytoanchuelo.com\/wp-content\/uploads\/2022\/08\/20220819_Publicacion_Bando-corte-M226-Fiestas-Patronales-2022.-1.pdf\" class=\"wp-block-file__button\" download aria-describedby=\"wp-block-file--media-e6d6f9f9-b56e-493f-ab02-3572006508cf\">Descarga<\/a><\/div>\n","protected":false},"excerpt":{"rendered":"<p>Nos comunican desde el Ayuntamiento de Los Santos de la Humosa, que con motivo de la celebraci\u00f3n de la Procesi\u00f3n de la Subida de la Virgen de la Humosa el pr\u00f3ximo domingo 28 de agosto de 2022, se informa a todos los vecinos y usuarios de la carretera M226 que [&hellip;]<\/p>\n","protected":false},"author":2,"featured_media":0,"comment_status":"closed","ping_status":"closed","sticky":false,"template":"","format":"standard","meta":{"_coblocks_attr":"","_coblocks_dimensions":"","_coblocks_responsive_height":"","_coblocks_accordion_ie_support":"","footnotes":""},"categories":[35],"tags":[],"class_list":["post-5526","post","type-post","status-publish","format-standard","hentry","category-noticias"],"_links":{"self":[{"href":"https:\/\/aytoanchuelo.com\/index.php\/wp-json\/wp\/v2\/posts\/5526","targetHints":{"allow":["GET"]}}],"collection":[{"href":"https:\/\/aytoanchuelo.com\/index.php\/wp-json\/wp\/v2\/posts"}],"about":[{"href":"https:\/\/aytoanchuelo.com\/index.php\/wp-json\/wp\/v2\/types\/post"}],"author":[{"embeddable":true,"href":"https:\/\/aytoanchuelo.com\/index.php\/wp-json\/wp\/v2\/users\/2"}],"replies":[{"embeddable":true,"href":"https:\/\/aytoanchuelo.com\/index.php\/wp-json\/wp\/v2\/comments?post=5526"}],"version-history":[{"count":1,"href":"https:\/\/aytoanchuelo.com\/index.php\/wp-json\/wp\/v2\/posts\/5526\/revisions"}],"predecessor-version":[{"id":5528,"href":"https:\/\/aytoanchuelo.com\/index.php\/wp-json\/wp\/v2\/posts\/5526\/revisions\/5528"}],"wp:attachment":[{"href":"https:\/\/aytoanchuelo.com\/index.php\/wp-json\/wp\/v2\/media?parent=5526"}],"wp:term":[{"taxonomy":"category","embeddable":true,"href":"https:\/\/aytoanchuelo.com\/index.php\/wp-json\/wp\/v2\/categories?post=5526"},{"taxonomy":"post_tag","embeddable":true,"href":"https:\/\/aytoanchuelo.com\/index.php\/wp-json\/wp\/v2\/tags?post=5526"}],"curies":[{"name":"wp","href":"https:\/\/api.w.org\/{rel}","templated":true}]}}