{"id":5520,"date":"2022-08-03T13:16:38","date_gmt":"2022-08-03T12:16:38","guid":{"rendered":"https:\/\/aytoanchuelo.com\/?p=5520"},"modified":"2022-08-03T13:16:40","modified_gmt":"2022-08-03T12:16:40","slug":"mancomunidad-de-servicios-los-olmos-reunion-online-informativa-sobre-presentacion-de-solicitudes-ayudas-rehabilitacion-de-viviendas-hoy-3-de-agosto-a-las-1930","status":"publish","type":"post","link":"https:\/\/aytoanchuelo.com\/index.php\/2022\/08\/03\/mancomunidad-de-servicios-los-olmos-reunion-online-informativa-sobre-presentacion-de-solicitudes-ayudas-rehabilitacion-de-viviendas-hoy-3-de-agosto-a-las-1930\/","title":{"rendered":"MANCOMUNIDAD DE SERVICIOS \u00abLOS OLMOS\u00bb. REUNION ONLINE INFORMATIVA SOBRE PRESENTACI\u00d3N DE SOLICITUDES \u00abAYUDAS REHABILITACI\u00d3N DE VIVIENDAS\u00bb. HOY 3 DE AGOSTO A LAS 19:30"},"content":{"rendered":"\n<p>El pasado mes de julio del corriente, La Mancomunidad de Servicios \u00abLos Olmos\u00bb&nbsp;solicitaron una prorroga en el plazo de presentaci\u00f3n de solicitudes para la Orden 1764\/2021, de la Consejer\u00eda de Medio Ambiente, Vivienda y Agricultura, por la que se convocan subvenciones para el a\u00f1o 2022 a la ejecuci\u00f3n de obras de rehabilitaci\u00f3n en edificios y viviendas dentro del programa de fomento de la regeneraci\u00f3n y renovaci\u00f3n urbana y rural, del Real Decreto 106\/2018, de 9 de marzo, por el que se regula el Plan Estatal de Vivienda 2018-2021 correspondientes al \u00c1rea de \u201cLos Olmos\u201d en los municipios adheridos a dicha Mancomunidad.<\/p>\n\n\n\n<p>A la vista de la concesi\u00f3n de est\u00e1 prorroga hasta el 1 de septiembre de 2022 para la presentaci\u00f3n de solicitudes a la citada ayuda, han convocado una reuni\u00f3n online, para informar y animar a los vecinos a solicitar dicha ayuda.<\/p>\n\n\n\n<p>En dicha reuni\u00f3n se&nbsp;tratar\u00e1 el tema del nuevo plazo, la posibilidad de que propietarios de segundas viviendas tambi\u00e9n puedan optar a estas ayudas y se tratar\u00e1 de explicar la documentaci\u00f3n necesaria para optar a las ayudas.<\/p>\n\n\n\n<p>La reuni\u00f3n es este mi\u00e9rcoles 3 de agosto del corriente a las 19:00 h. Para poder acceder a la misma hay que solicitarlo en el email: rehabilitacionlosolmos@villardelolmo.es, y recibir\u00e1n el link para poder<\/p>\n\n\n\n<div data-wp-interactive=\"core\/file\" class=\"wp-block-file\"><object data-wp-bind--hidden=\"!state.hasPdfPreview\" hidden class=\"wp-block-file__embed\" data=\"https:\/\/aytoanchuelo.com\/wp-content\/uploads\/2022\/08\/CARTEL_AUMENTO_DE_PLAZO.pdf\" type=\"application\/pdf\" style=\"width:100%;height:600px\" aria-label=\"Incrustado de Incrustado de CARTEL_AUMENTO_DE_PLAZO..\"><\/object><a id=\"wp-block-file--media-274c5ec1-ae3f-4a07-a426-ef2f1606fe47\" href=\"https:\/\/aytoanchuelo.com\/wp-content\/uploads\/2022\/08\/CARTEL_AUMENTO_DE_PLAZO.pdf\">CARTEL_AUMENTO_DE_PLAZO<\/a><a href=\"https:\/\/aytoanchuelo.com\/wp-content\/uploads\/2022\/08\/CARTEL_AUMENTO_DE_PLAZO.pdf\" class=\"wp-block-file__button\" download aria-describedby=\"wp-block-file--media-274c5ec1-ae3f-4a07-a426-ef2f1606fe47\">Descarga<\/a><\/div>\n","protected":false},"excerpt":{"rendered":"<p>El pasado mes de julio del corriente, La Mancomunidad de Servicios \u00abLos Olmos\u00bb&nbsp;solicitaron una prorroga en el plazo de presentaci\u00f3n de solicitudes para la Orden 1764\/2021, de la Consejer\u00eda de Medio Ambiente, Vivienda y Agricultura, por la que se convocan subvenciones para el a\u00f1o 2022 a la ejecuci\u00f3n de obras [&hellip;]<\/p>\n","protected":false},"author":2,"featured_media":0,"comment_status":"closed","ping_status":"closed","sticky":false,"template":"","format":"standard","meta":{"_coblocks_attr":"","_coblocks_dimensions":"","_coblocks_responsive_height":"","_coblocks_accordion_ie_support":"","footnotes":""},"categories":[35,90],"tags":[],"class_list":["post-5520","post","type-post","status-publish","format-standard","hentry","category-noticias","category-obras"],"_links":{"self":[{"href":"https:\/\/aytoanchuelo.com\/index.php\/wp-json\/wp\/v2\/posts\/5520","targetHints":{"allow":["GET"]}}],"collection":[{"href":"https:\/\/aytoanchuelo.com\/index.php\/wp-json\/wp\/v2\/posts"}],"about":[{"href":"https:\/\/aytoanchuelo.com\/index.php\/wp-json\/wp\/v2\/types\/post"}],"author":[{"embeddable":true,"href":"https:\/\/aytoanchuelo.com\/index.php\/wp-json\/wp\/v2\/users\/2"}],"replies":[{"embeddable":true,"href":"https:\/\/aytoanchuelo.com\/index.php\/wp-json\/wp\/v2\/comments?post=5520"}],"version-history":[{"count":1,"href":"https:\/\/aytoanchuelo.com\/index.php\/wp-json\/wp\/v2\/posts\/5520\/revisions"}],"predecessor-version":[{"id":5522,"href":"https:\/\/aytoanchuelo.com\/index.php\/wp-json\/wp\/v2\/posts\/5520\/revisions\/5522"}],"wp:attachment":[{"href":"https:\/\/aytoanchuelo.com\/index.php\/wp-json\/wp\/v2\/media?parent=5520"}],"wp:term":[{"taxonomy":"category","embeddable":true,"href":"https:\/\/aytoanchuelo.com\/index.php\/wp-json\/wp\/v2\/categories?post=5520"},{"taxonomy":"post_tag","embeddable":true,"href":"https:\/\/aytoanchuelo.com\/index.php\/wp-json\/wp\/v2\/tags?post=5520"}],"curies":[{"name":"wp","href":"https:\/\/api.w.org\/{rel}","templated":true}]}}