{"id":5471,"date":"2022-06-15T12:40:05","date_gmt":"2022-06-15T11:40:05","guid":{"rendered":"https:\/\/aytoanchuelo.com\/?p=5471"},"modified":"2022-06-15T13:09:21","modified_gmt":"2022-06-15T12:09:21","slug":"ayudas-rehabilitacion-viviendas-mancomunidad-de-servicios-los-olmos-plan-de-vivienda-2018-2021","status":"publish","type":"post","link":"https:\/\/aytoanchuelo.com\/index.php\/2022\/06\/15\/ayudas-rehabilitacion-viviendas-mancomunidad-de-servicios-los-olmos-plan-de-vivienda-2018-2021\/","title":{"rendered":"AYUDAS REHABILITACI\u00d3N VIVIENDAS. MANCOMUNIDAD DE SERVICIOS LOS OLMOS. Plan de Vivienda 2018-2021"},"content":{"rendered":"\n<p>La Direcci\u00f3n General de Vivienda y Rehabilitaci\u00f3n ha dictado una Instrucci\u00f3n sobre la aportaci\u00f3n de los certificados de empadronamiento de los propietarios o arrendamientos de las viviendas en las convocatorias de subvenciones a la ejecuci\u00f3n de obras de rehabilitaci\u00f3n en edificios y viviendas previstas dentro del Programa de regeneraci\u00f3n y renovaci\u00f3n urbana y rural del Real Decreto 106\/2018, de 9 de marzo, por el que se regula el Plan Estatal de Vivienda 2018-2021, en la que se aclara el siguiente punto:<\/p>\n\n\n\n<p>\u00abIndependientemente de la poblaci\u00f3n del municipio, ning\u00fan propietario u ocupante de la vivienda, se encuentra obligado a aportar el certificado de empadronamiento, excepto en los supuestos que elevan el porcentaje de la subvenci\u00f3n al 75% (persona con discapacidad, ingresos inferiores a 3 veces el IPREM y mayor de 65 a\u00f1os).\u00bb <\/p>\n\n\n\n<p>Para cualquier aclaraci\u00f3n e informaci\u00f3n se puede dirigir a la <strong>Oficina de Gesti\u00f3n \u00c1rea Los Olmos<\/strong>, tel\u00e9fono de contacto:<strong> 671.01.43.22<\/strong>, correo electr\u00f3nico: <strong>rehabilitaci\u00f3nlosolmos@villardelolmo.es<\/strong>. Presencialmente en la <strong>Plaza Mayor N\u00ba 1 \/ 28512 &#8211; Villar del Olmo<\/strong>, los <strong>Martes de 10:00 a 14:00 h. y de 15:00 a 17:00 h.<\/strong><\/p>\n\n\n\n<p><\/p>\n\n\n\n<figure class=\"wp-block-image size-large\"><img loading=\"lazy\" decoding=\"async\" width=\"718\" height=\"1024\" src=\"https:\/\/aytoanchuelo.com\/wp-content\/uploads\/2022\/06\/SC335-0i22061509140-1-718x1024.jpg\" alt=\"\" class=\"wp-image-5473\" srcset=\"https:\/\/aytoanchuelo.com\/wp-content\/uploads\/2022\/06\/SC335-0i22061509140-1-718x1024.jpg 718w, https:\/\/aytoanchuelo.com\/wp-content\/uploads\/2022\/06\/SC335-0i22061509140-1-210x300.jpg 210w, https:\/\/aytoanchuelo.com\/wp-content\/uploads\/2022\/06\/SC335-0i22061509140-1-768x1096.jpg 768w, https:\/\/aytoanchuelo.com\/wp-content\/uploads\/2022\/06\/SC335-0i22061509140-1-1077x1536.jpg 1077w, https:\/\/aytoanchuelo.com\/wp-content\/uploads\/2022\/06\/SC335-0i22061509140-1-1436x2048.jpg 1436w, https:\/\/aytoanchuelo.com\/wp-content\/uploads\/2022\/06\/SC335-0i22061509140-1.jpg 1744w\" sizes=\"auto, (max-width: 718px) 100vw, 718px\" \/><\/figure>\n\n\n\n<figure class=\"wp-block-image size-large\"><img loading=\"lazy\" decoding=\"async\" width=\"720\" height=\"1024\" src=\"https:\/\/aytoanchuelo.com\/wp-content\/uploads\/2022\/06\/SC335-0i22061509290-720x1024.jpg\" alt=\"\" class=\"wp-image-5474\" srcset=\"https:\/\/aytoanchuelo.com\/wp-content\/uploads\/2022\/06\/SC335-0i22061509290-720x1024.jpg 720w, https:\/\/aytoanchuelo.com\/wp-content\/uploads\/2022\/06\/SC335-0i22061509290-211x300.jpg 211w, https:\/\/aytoanchuelo.com\/wp-content\/uploads\/2022\/06\/SC335-0i22061509290-768x1092.jpg 768w, https:\/\/aytoanchuelo.com\/wp-content\/uploads\/2022\/06\/SC335-0i22061509290-1081x1536.jpg 1081w, https:\/\/aytoanchuelo.com\/wp-content\/uploads\/2022\/06\/SC335-0i22061509290-1441x2048.jpg 1441w, https:\/\/aytoanchuelo.com\/wp-content\/uploads\/2022\/06\/SC335-0i22061509290.jpg 1728w\" sizes=\"auto, (max-width: 720px) 100vw, 720px\" \/><\/figure>\n","protected":false},"excerpt":{"rendered":"<p>La Direcci\u00f3n General de Vivienda y Rehabilitaci\u00f3n ha dictado una Instrucci\u00f3n sobre la aportaci\u00f3n de los certificados de empadronamiento de los propietarios o arrendamientos de las viviendas en las convocatorias de subvenciones a la ejecuci\u00f3n de obras de rehabilitaci\u00f3n en edificios y viviendas previstas dentro del Programa de regeneraci\u00f3n y [&hellip;]<\/p>\n","protected":false},"author":2,"featured_media":0,"comment_status":"closed","ping_status":"closed","sticky":false,"template":"","format":"standard","meta":{"_coblocks_attr":"","_coblocks_dimensions":"","_coblocks_responsive_height":"","_coblocks_accordion_ie_support":"","footnotes":""},"categories":[88,35,90,91],"tags":[],"class_list":["post-5471","post","type-post","status-publish","format-standard","hentry","category-infraestructura","category-noticias","category-obras","category-subvenciones"],"_links":{"self":[{"href":"https:\/\/aytoanchuelo.com\/index.php\/wp-json\/wp\/v2\/posts\/5471","targetHints":{"allow":["GET"]}}],"collection":[{"href":"https:\/\/aytoanchuelo.com\/index.php\/wp-json\/wp\/v2\/posts"}],"about":[{"href":"https:\/\/aytoanchuelo.com\/index.php\/wp-json\/wp\/v2\/types\/post"}],"author":[{"embeddable":true,"href":"https:\/\/aytoanchuelo.com\/index.php\/wp-json\/wp\/v2\/users\/2"}],"replies":[{"embeddable":true,"href":"https:\/\/aytoanchuelo.com\/index.php\/wp-json\/wp\/v2\/comments?post=5471"}],"version-history":[{"count":3,"href":"https:\/\/aytoanchuelo.com\/index.php\/wp-json\/wp\/v2\/posts\/5471\/revisions"}],"predecessor-version":[{"id":5477,"href":"https:\/\/aytoanchuelo.com\/index.php\/wp-json\/wp\/v2\/posts\/5471\/revisions\/5477"}],"wp:attachment":[{"href":"https:\/\/aytoanchuelo.com\/index.php\/wp-json\/wp\/v2\/media?parent=5471"}],"wp:term":[{"taxonomy":"category","embeddable":true,"href":"https:\/\/aytoanchuelo.com\/index.php\/wp-json\/wp\/v2\/categories?post=5471"},{"taxonomy":"post_tag","embeddable":true,"href":"https:\/\/aytoanchuelo.com\/index.php\/wp-json\/wp\/v2\/tags?post=5471"}],"curies":[{"name":"wp","href":"https:\/\/api.w.org\/{rel}","templated":true}]}}