{"id":5433,"date":"2022-05-26T11:01:09","date_gmt":"2022-05-26T10:01:09","guid":{"rendered":"https:\/\/aytoanchuelo.com\/?p=5433"},"modified":"2022-05-26T11:01:11","modified_gmt":"2022-05-26T10:01:11","slug":"bando-corte-de-plaza-mayor-el-sabado-28-de-mayo","status":"publish","type":"post","link":"https:\/\/aytoanchuelo.com\/index.php\/2022\/05\/26\/bando-corte-de-plaza-mayor-el-sabado-28-de-mayo\/","title":{"rendered":"BANDO. CORTE DE PLAZA MAYOR EL SABADO 28 DE MAYO."},"content":{"rendered":"\n<p><strong>Con motivo de la Novillada con Picadores que se celebra este s\u00e1bado 28 de mayo a las 12:00 h. la Plaza Mayor permanecer\u00e1 cortada:<\/strong><\/p>\n\n\n\n<p><strong>Desde: s\u00e1bado d\u00eda 28 a las 11:00 h<\/strong><\/p>\n\n\n\n<p><strong>Hasta: s\u00e1bado d\u00eda 28 a las 17:00 h.<\/strong><\/p>\n\n\n\n<p><strong>Respetando en todo caso el acceso a garajes y al servicio de reparto a bares y dem\u00e1s comercios.<\/strong><\/p>\n","protected":false},"excerpt":{"rendered":"<p>Con motivo de la Novillada con Picadores que se celebra este s\u00e1bado 28 de mayo a las 12:00 h. la Plaza Mayor permanecer\u00e1 cortada: Desde: s\u00e1bado d\u00eda 28 a las 11:00 h Hasta: s\u00e1bado d\u00eda 28 a las 17:00 h. Respetando en todo caso el acceso a garajes y al [&hellip;]<\/p>\n","protected":false},"author":2,"featured_media":0,"comment_status":"closed","ping_status":"closed","sticky":false,"template":"","format":"standard","meta":{"_coblocks_attr":"","_coblocks_dimensions":"","_coblocks_responsive_height":"","_coblocks_accordion_ie_support":"","footnotes":""},"categories":[35],"tags":[],"class_list":["post-5433","post","type-post","status-publish","format-standard","hentry","category-noticias"],"_links":{"self":[{"href":"https:\/\/aytoanchuelo.com\/index.php\/wp-json\/wp\/v2\/posts\/5433","targetHints":{"allow":["GET"]}}],"collection":[{"href":"https:\/\/aytoanchuelo.com\/index.php\/wp-json\/wp\/v2\/posts"}],"about":[{"href":"https:\/\/aytoanchuelo.com\/index.php\/wp-json\/wp\/v2\/types\/post"}],"author":[{"embeddable":true,"href":"https:\/\/aytoanchuelo.com\/index.php\/wp-json\/wp\/v2\/users\/2"}],"replies":[{"embeddable":true,"href":"https:\/\/aytoanchuelo.com\/index.php\/wp-json\/wp\/v2\/comments?post=5433"}],"version-history":[{"count":1,"href":"https:\/\/aytoanchuelo.com\/index.php\/wp-json\/wp\/v2\/posts\/5433\/revisions"}],"predecessor-version":[{"id":5434,"href":"https:\/\/aytoanchuelo.com\/index.php\/wp-json\/wp\/v2\/posts\/5433\/revisions\/5434"}],"wp:attachment":[{"href":"https:\/\/aytoanchuelo.com\/index.php\/wp-json\/wp\/v2\/media?parent=5433"}],"wp:term":[{"taxonomy":"category","embeddable":true,"href":"https:\/\/aytoanchuelo.com\/index.php\/wp-json\/wp\/v2\/categories?post=5433"},{"taxonomy":"post_tag","embeddable":true,"href":"https:\/\/aytoanchuelo.com\/index.php\/wp-json\/wp\/v2\/tags?post=5433"}],"curies":[{"name":"wp","href":"https:\/\/api.w.org\/{rel}","templated":true}]}}