{"id":5386,"date":"2022-04-21T10:59:03","date_gmt":"2022-04-21T09:59:03","guid":{"rendered":"https:\/\/aytoanchuelo.com\/?p=5386"},"modified":"2022-04-21T10:59:05","modified_gmt":"2022-04-21T09:59:05","slug":"fiestas-patronales-san-pedro-martir-2022","status":"publish","type":"post","link":"https:\/\/aytoanchuelo.com\/index.php\/2022\/04\/21\/fiestas-patronales-san-pedro-martir-2022\/","title":{"rendered":"Fiestas Patronales San Pedro M\u00e1rtir 2022"},"content":{"rendered":"\n<p>Tras dos a\u00f1os de dura pandemia, donde nuestras Fiestas Patronales en honor a San Pedro M\u00e1rtir de Verona han tenido que ser suspendidas, esta vez podemos convocaros con gran ilusi\u00f3n a celebrar esta celebraci\u00f3n.<\/p>\n\n\n\n<p>Adjuntamos el programa para estas Fiestas de 2022, en el que hemos combinado lo tradicional con alguna que otra novedad que esperamos sea de vuestro agrado.<\/p>\n\n\n\n<p><\/p>\n\n\n\n<div data-wp-interactive=\"core\/file\" class=\"wp-block-file\"><object data-wp-bind--hidden=\"!state.hasPdfPreview\" hidden class=\"wp-block-file__embed\" data=\"https:\/\/aytoanchuelo.com\/wp-content\/uploads\/2022\/04\/programasinpubli.pdf\" type=\"application\/pdf\" style=\"width:100%;height:600px\" aria-label=\"Incrustado de Incrustado de Programa de San Pedro M\u00e1rtir 2022..\"><\/object><a id=\"wp-block-file--media-dc737465-a2ba-4243-a948-df6837c098f5\" href=\"https:\/\/aytoanchuelo.com\/wp-content\/uploads\/2022\/04\/programasinpubli.pdf\">Programa de San Pedro M\u00e1rtir 2022<\/a><a href=\"https:\/\/aytoanchuelo.com\/wp-content\/uploads\/2022\/04\/programasinpubli.pdf\" class=\"wp-block-file__button\" download aria-describedby=\"wp-block-file--media-dc737465-a2ba-4243-a948-df6837c098f5\">Descarga<\/a><\/div>\n","protected":false},"excerpt":{"rendered":"<p>Tras dos a\u00f1os de dura pandemia, donde nuestras Fiestas Patronales en honor a San Pedro M\u00e1rtir de Verona han tenido que ser suspendidas, esta vez podemos convocaros con gran ilusi\u00f3n a celebrar esta celebraci\u00f3n. Adjuntamos el programa para estas Fiestas de 2022, en el que hemos combinado lo tradicional con [&hellip;]<\/p>\n","protected":false},"author":1,"featured_media":5387,"comment_status":"closed","ping_status":"closed","sticky":false,"template":"","format":"standard","meta":{"_coblocks_attr":"","_coblocks_dimensions":"","_coblocks_responsive_height":"","_coblocks_accordion_ie_support":"","footnotes":""},"categories":[35],"tags":[],"class_list":["post-5386","post","type-post","status-publish","format-standard","has-post-thumbnail","hentry","category-noticias"],"_links":{"self":[{"href":"https:\/\/aytoanchuelo.com\/index.php\/wp-json\/wp\/v2\/posts\/5386","targetHints":{"allow":["GET"]}}],"collection":[{"href":"https:\/\/aytoanchuelo.com\/index.php\/wp-json\/wp\/v2\/posts"}],"about":[{"href":"https:\/\/aytoanchuelo.com\/index.php\/wp-json\/wp\/v2\/types\/post"}],"author":[{"embeddable":true,"href":"https:\/\/aytoanchuelo.com\/index.php\/wp-json\/wp\/v2\/users\/1"}],"replies":[{"embeddable":true,"href":"https:\/\/aytoanchuelo.com\/index.php\/wp-json\/wp\/v2\/comments?post=5386"}],"version-history":[{"count":1,"href":"https:\/\/aytoanchuelo.com\/index.php\/wp-json\/wp\/v2\/posts\/5386\/revisions"}],"predecessor-version":[{"id":5389,"href":"https:\/\/aytoanchuelo.com\/index.php\/wp-json\/wp\/v2\/posts\/5386\/revisions\/5389"}],"wp:featuredmedia":[{"embeddable":true,"href":"https:\/\/aytoanchuelo.com\/index.php\/wp-json\/wp\/v2\/media\/5387"}],"wp:attachment":[{"href":"https:\/\/aytoanchuelo.com\/index.php\/wp-json\/wp\/v2\/media?parent=5386"}],"wp:term":[{"taxonomy":"category","embeddable":true,"href":"https:\/\/aytoanchuelo.com\/index.php\/wp-json\/wp\/v2\/categories?post=5386"},{"taxonomy":"post_tag","embeddable":true,"href":"https:\/\/aytoanchuelo.com\/index.php\/wp-json\/wp\/v2\/tags?post=5386"}],"curies":[{"name":"wp","href":"https:\/\/api.w.org\/{rel}","templated":true}]}}