{"id":5348,"date":"2022-03-16T07:50:01","date_gmt":"2022-03-16T06:50:01","guid":{"rendered":"https:\/\/aytoanchuelo.com\/?p=5348"},"modified":"2022-03-16T07:50:03","modified_gmt":"2022-03-16T06:50:03","slug":"aviso-especial-calima-episodio-de-intrusion-de-masas-de-aire-africano-en-zona-centro","status":"publish","type":"post","link":"https:\/\/aytoanchuelo.com\/index.php\/2022\/03\/16\/aviso-especial-calima-episodio-de-intrusion-de-masas-de-aire-africano-en-zona-centro\/","title":{"rendered":"AVISO ESPECIAL CALIMA. EPISODIO DE INTRUSI\u00d3N DE MASAS DE AIRE AFRICANO EN ZONA CENTRO"},"content":{"rendered":"\n<p>Con fecha de 14 de marzo de 2022 se recibi\u00f3 predicci\u00f3n de intrusi\u00f3n de masas de aire africano para el martes 15 de marzo con afecci\u00f3n, entre otras zonas, al centro de la Pen\u00ednsula, con posibles concentraciones entre 5 \u2013 500 \u03bcg\/m3. A tal efecto, se public\u00f3 el aviso correspondiente en la p\u00e1gina web de la Red de la Calidad del Aire de la Comunidad de Madrid.<br>Los equipos de medida de part\u00edculas PM10 y PM2,5 de las estaciones de la Red disponen de unos l\u00edmites de coherencia que al ser superados marcan el valor de forma autom\u00e1tica como datos nulos. Estos l\u00edmites de coherencia se suelen superar \u00fanicamente en casos de aver\u00eda de los equipos.<br>Dada la magnitud del episodio que est\u00e1 afectando actualmente a la Pen\u00ednsula, las concentraciones de part\u00edculas medidas en las estaciones de la Red han superado el l\u00edmite de coherencia (fijado en 500 \u03bcg\/m3), por lo que los equipos no est\u00e1n mostrando los valores reales de part\u00edculas. Por este motivo, se est\u00e1 trabajando en suprimir de forma temporal ese l\u00edmite de coherencia, as\u00ed como en la revalidaci\u00f3n de los datos de part\u00edculas anulados de forma autom\u00e1tica por estos l\u00edmites, ya que se ha comprobado que los valores medidos no se deben a un fallo del equipo sino a las concentraciones inusualmente elevadas debidas al episodio citado.<br>En el Servicio de Salud de Calidad del Aire y Salud de la Comunidad de Madrid se han publicado las siguientes recomendaciones ante episodios de alta contaminaci\u00f3n por PM2,5 Y PM10:<\/p>\n\n\n\n<p>RECOMENDACIONES ANTE EPISODIOS DE ALTA CONTAMINACI\u00d3N POR PM2.5 Y PM10<\/p>\n\n\n\n<ul class=\"wp-block-list\"><li>Evitar o reducir las actividades que suponga esfuerzo f\u00edsico al aire libre.<\/li><li>Buscar atenci\u00f3n sanitaria en caso de necesidad.<\/li><li>Permanecer en casa mientras dure el episodio de contaminaci\u00f3n, en casos extremos.<\/li><\/ul>\n\n\n\n<p><a href=\"https:\/\/www.comunidad.madrid\/servicios\/salud\/calidad-aire-salud#indice-calidad-aire\">https:\/\/www.comunidad.madrid\/servicios\/salud\/calidad-aire-salud#indice-calidad-aire<\/a><\/p>\n\n\n\n<div data-wp-interactive=\"core\/file\" class=\"wp-block-file\"><object data-wp-bind--hidden=\"!state.hasPdfPreview\" hidden class=\"wp-block-file__embed\" data=\"https:\/\/aytoanchuelo.com\/wp-content\/uploads\/2022\/03\/AVISO_ESPECIAL_CALIMA_15_MARZO-2.pdf\" type=\"application\/pdf\" style=\"width:100%;height:600px\" aria-label=\"Incrustado de Incrustado de AVISO_ESPECIAL_CALIMA_15_MARZO-2..\"><\/object><a id=\"wp-block-file--media-d6cf9b4a-496d-404a-92d5-0ef0160c47dc\" href=\"https:\/\/aytoanchuelo.com\/wp-content\/uploads\/2022\/03\/AVISO_ESPECIAL_CALIMA_15_MARZO-2.pdf\">AVISO_ESPECIAL_CALIMA_15_MARZO-2<\/a><a href=\"https:\/\/aytoanchuelo.com\/wp-content\/uploads\/2022\/03\/AVISO_ESPECIAL_CALIMA_15_MARZO-2.pdf\" class=\"wp-block-file__button\" download aria-describedby=\"wp-block-file--media-d6cf9b4a-496d-404a-92d5-0ef0160c47dc\">Descarga<\/a><\/div>\n","protected":false},"excerpt":{"rendered":"<p>Con fecha de 14 de marzo de 2022 se recibi\u00f3 predicci\u00f3n de intrusi\u00f3n de masas de aire africano para el martes 15 de marzo con afecci\u00f3n, entre otras zonas, al centro de la Pen\u00ednsula, con posibles concentraciones entre 5 \u2013 500 \u03bcg\/m3. A tal efecto, se public\u00f3 el aviso correspondiente [&hellip;]<\/p>\n","protected":false},"author":2,"featured_media":0,"comment_status":"closed","ping_status":"closed","sticky":false,"template":"","format":"standard","meta":{"_coblocks_attr":"","_coblocks_dimensions":"","_coblocks_responsive_height":"","_coblocks_accordion_ie_support":"","footnotes":""},"categories":[35],"tags":[],"class_list":["post-5348","post","type-post","status-publish","format-standard","hentry","category-noticias"],"_links":{"self":[{"href":"https:\/\/aytoanchuelo.com\/index.php\/wp-json\/wp\/v2\/posts\/5348","targetHints":{"allow":["GET"]}}],"collection":[{"href":"https:\/\/aytoanchuelo.com\/index.php\/wp-json\/wp\/v2\/posts"}],"about":[{"href":"https:\/\/aytoanchuelo.com\/index.php\/wp-json\/wp\/v2\/types\/post"}],"author":[{"embeddable":true,"href":"https:\/\/aytoanchuelo.com\/index.php\/wp-json\/wp\/v2\/users\/2"}],"replies":[{"embeddable":true,"href":"https:\/\/aytoanchuelo.com\/index.php\/wp-json\/wp\/v2\/comments?post=5348"}],"version-history":[{"count":2,"href":"https:\/\/aytoanchuelo.com\/index.php\/wp-json\/wp\/v2\/posts\/5348\/revisions"}],"predecessor-version":[{"id":5351,"href":"https:\/\/aytoanchuelo.com\/index.php\/wp-json\/wp\/v2\/posts\/5348\/revisions\/5351"}],"wp:attachment":[{"href":"https:\/\/aytoanchuelo.com\/index.php\/wp-json\/wp\/v2\/media?parent=5348"}],"wp:term":[{"taxonomy":"category","embeddable":true,"href":"https:\/\/aytoanchuelo.com\/index.php\/wp-json\/wp\/v2\/categories?post=5348"},{"taxonomy":"post_tag","embeddable":true,"href":"https:\/\/aytoanchuelo.com\/index.php\/wp-json\/wp\/v2\/tags?post=5348"}],"curies":[{"name":"wp","href":"https:\/\/api.w.org\/{rel}","templated":true}]}}