{"id":5335,"date":"2022-03-02T13:01:40","date_gmt":"2022-03-02T12:01:40","guid":{"rendered":"https:\/\/aytoanchuelo.com\/?p=5335"},"modified":"2022-03-02T13:01:42","modified_gmt":"2022-03-02T12:01:42","slug":"bando-fiestas-en-honor-a-san-pedro-martir-de-verona-2022","status":"publish","type":"post","link":"https:\/\/aytoanchuelo.com\/index.php\/2022\/03\/02\/bando-fiestas-en-honor-a-san-pedro-martir-de-verona-2022\/","title":{"rendered":"BANDO FIESTAS EN HONOR A SAN PEDRO MARTIR DE VERONA 2022"},"content":{"rendered":"\n<p>Con objeto de organizar las pr\u00f3ximas fiestas patronales de 2022 en honor a nuestro Patr\u00f3n San Pedro M\u00e1rtir de Verona, y despu\u00e9s de dos a\u00f1os sin poder realizarlas debido a la pandemia, y siguiendo la tradici\u00f3n de que se realice el primer domingo despu\u00e9s del mi\u00e9rcoles de Ceniza, esta Corporaci\u00f3n municipal tiene el placer de convocar e invitar a pe\u00f1as, asociaciones y vecinos en general a la reuni\u00f3n que se celebrar\u00e1 el pr\u00f3ximo domingo d\u00eda 6 de marzo de 2022, a las 14:00 h, en el Sal\u00f3n de Plenos de este Ayuntamiento.<\/p>\n\n\n\n<p>El papel del Ayuntamiento consistir\u00e1 en dar viabilidad a las ideas aportadas, de acuerdo a las posibilidades econ\u00f3micas por las que atraviesa actualmente.<\/p>\n\n\n\n<p>La Corporaci\u00f3n Municipal<\/p>\n","protected":false},"excerpt":{"rendered":"<p>Con objeto de organizar las pr\u00f3ximas fiestas patronales de 2022 en honor a nuestro Patr\u00f3n San Pedro M\u00e1rtir de Verona, y despu\u00e9s de dos a\u00f1os sin poder realizarlas debido a la pandemia, y siguiendo la tradici\u00f3n de que se realice el primer domingo despu\u00e9s del mi\u00e9rcoles de Ceniza, esta Corporaci\u00f3n [&hellip;]<\/p>\n","protected":false},"author":2,"featured_media":5062,"comment_status":"closed","ping_status":"closed","sticky":false,"template":"","format":"standard","meta":{"_coblocks_attr":"","_coblocks_dimensions":"","_coblocks_responsive_height":"","_coblocks_accordion_ie_support":"","footnotes":""},"categories":[87,35],"tags":[],"class_list":["post-5335","post","type-post","status-publish","format-standard","has-post-thumbnail","hentry","category-fiestas","category-noticias"],"_links":{"self":[{"href":"https:\/\/aytoanchuelo.com\/index.php\/wp-json\/wp\/v2\/posts\/5335","targetHints":{"allow":["GET"]}}],"collection":[{"href":"https:\/\/aytoanchuelo.com\/index.php\/wp-json\/wp\/v2\/posts"}],"about":[{"href":"https:\/\/aytoanchuelo.com\/index.php\/wp-json\/wp\/v2\/types\/post"}],"author":[{"embeddable":true,"href":"https:\/\/aytoanchuelo.com\/index.php\/wp-json\/wp\/v2\/users\/2"}],"replies":[{"embeddable":true,"href":"https:\/\/aytoanchuelo.com\/index.php\/wp-json\/wp\/v2\/comments?post=5335"}],"version-history":[{"count":1,"href":"https:\/\/aytoanchuelo.com\/index.php\/wp-json\/wp\/v2\/posts\/5335\/revisions"}],"predecessor-version":[{"id":5336,"href":"https:\/\/aytoanchuelo.com\/index.php\/wp-json\/wp\/v2\/posts\/5335\/revisions\/5336"}],"wp:featuredmedia":[{"embeddable":true,"href":"https:\/\/aytoanchuelo.com\/index.php\/wp-json\/wp\/v2\/media\/5062"}],"wp:attachment":[{"href":"https:\/\/aytoanchuelo.com\/index.php\/wp-json\/wp\/v2\/media?parent=5335"}],"wp:term":[{"taxonomy":"category","embeddable":true,"href":"https:\/\/aytoanchuelo.com\/index.php\/wp-json\/wp\/v2\/categories?post=5335"},{"taxonomy":"post_tag","embeddable":true,"href":"https:\/\/aytoanchuelo.com\/index.php\/wp-json\/wp\/v2\/tags?post=5335"}],"curies":[{"name":"wp","href":"https:\/\/api.w.org\/{rel}","templated":true}]}}