{"id":5323,"date":"2022-02-09T12:25:30","date_gmt":"2022-02-09T11:25:30","guid":{"rendered":"https:\/\/aytoanchuelo.com\/?p=5323"},"modified":"2022-02-09T12:25:32","modified_gmt":"2022-02-09T11:25:32","slug":"inicio-de-obras-de-ampliacion-del-cra-amigos-de-la-paz-en-anchuelo-10-de-febrero","status":"publish","type":"post","link":"https:\/\/aytoanchuelo.com\/index.php\/2022\/02\/09\/inicio-de-obras-de-ampliacion-del-cra-amigos-de-la-paz-en-anchuelo-10-de-febrero\/","title":{"rendered":"Inicio de obras de ampliaci\u00f3n del CRA Amigos de la Paz en Anchuelo: 10 de febrero"},"content":{"rendered":"\n<div class=\"wp-block-image\"><figure class=\"aligncenter size-full\"><img loading=\"lazy\" decoding=\"async\" width=\"1014\" height=\"120\" src=\"https:\/\/aytoanchuelo.com\/wp-content\/uploads\/2022\/02\/membrete_anchuelo.png\" alt=\"\" class=\"wp-image-5324\" srcset=\"https:\/\/aytoanchuelo.com\/wp-content\/uploads\/2022\/02\/membrete_anchuelo.png 1014w, https:\/\/aytoanchuelo.com\/wp-content\/uploads\/2022\/02\/membrete_anchuelo-300x36.png 300w, https:\/\/aytoanchuelo.com\/wp-content\/uploads\/2022\/02\/membrete_anchuelo-768x91.png 768w\" sizes=\"auto, (max-width: 1014px) 100vw, 1014px\" \/><\/figure><\/div>\n\n\n\n<p>Tras arduas negociaciones llevadas a cabo a lo largo de toda la legislatura con la Consejer\u00eda de Educaci\u00f3n de la Comunidad de Madrid, nos es grato comunicar el inicio de obras de ampliaci\u00f3n del Colegio en nuestro municipio.<\/p>\n\n\n\n<p>Finalizada la firma del acta de replanteo, que ha ocurrido hoy mismo, se iniciar\u00e1n las obras en las que la Comunidad de Madrid ha invertido 998.374,56\u20ac.<\/p>\n\n\n\n<p>Estas actuaciones contemplan la incorporaci\u00f3n de 2 nuevas aulas de primaria, aulas de desdobles, un comedor que servir\u00e1 a su vez de Sala de Usos M\u00faltiples y un \u00e1rea administrativa y sala de profesores, que sustituir\u00e1 al antiguo edificio de administraci\u00f3n, en deficitario estado de conservaci\u00f3n.<\/p>\n\n\n\n<p>La duraci\u00f3n de las obras est\u00e1 prevista en seis meses y fue adjudicado por la Comunidad a la Uni\u00f3n de Empresas compuesta por Construcciones Alea, S.L y ORECO, S.A (UTE Anchuelo-Madrid).<\/p>\n\n\n\n<p>Desde la Corporaci\u00f3n Municipal, queremos agradecer a la Presidenta D\u00aa. Isabel D\u00edaz Ayuso y al Consejero de Educaci\u00f3n, Universidades y Ciencia D. Enrique Ossorio por su implicaci\u00f3n en la mejora de Anchuelo y por la inversi\u00f3n en infraestructuras educativas..<\/p>\n","protected":false},"excerpt":{"rendered":"<p>Tras arduas negociaciones llevadas a cabo a lo largo de toda la legislatura con la Consejer\u00eda de Educaci\u00f3n de la Comunidad de Madrid, nos es grato comunicar el inicio de obras de ampliaci\u00f3n del Colegio en nuestro municipio. Finalizada la firma del acta de replanteo, que ha ocurrido hoy mismo, [&hellip;]<\/p>\n","protected":false},"author":1,"featured_media":0,"comment_status":"closed","ping_status":"closed","sticky":false,"template":"","format":"standard","meta":{"_coblocks_attr":"","_coblocks_dimensions":"","_coblocks_responsive_height":"","_coblocks_accordion_ie_support":"","footnotes":""},"categories":[35],"tags":[],"class_list":["post-5323","post","type-post","status-publish","format-standard","hentry","category-noticias"],"_links":{"self":[{"href":"https:\/\/aytoanchuelo.com\/index.php\/wp-json\/wp\/v2\/posts\/5323","targetHints":{"allow":["GET"]}}],"collection":[{"href":"https:\/\/aytoanchuelo.com\/index.php\/wp-json\/wp\/v2\/posts"}],"about":[{"href":"https:\/\/aytoanchuelo.com\/index.php\/wp-json\/wp\/v2\/types\/post"}],"author":[{"embeddable":true,"href":"https:\/\/aytoanchuelo.com\/index.php\/wp-json\/wp\/v2\/users\/1"}],"replies":[{"embeddable":true,"href":"https:\/\/aytoanchuelo.com\/index.php\/wp-json\/wp\/v2\/comments?post=5323"}],"version-history":[{"count":3,"href":"https:\/\/aytoanchuelo.com\/index.php\/wp-json\/wp\/v2\/posts\/5323\/revisions"}],"predecessor-version":[{"id":5327,"href":"https:\/\/aytoanchuelo.com\/index.php\/wp-json\/wp\/v2\/posts\/5323\/revisions\/5327"}],"wp:attachment":[{"href":"https:\/\/aytoanchuelo.com\/index.php\/wp-json\/wp\/v2\/media?parent=5323"}],"wp:term":[{"taxonomy":"category","embeddable":true,"href":"https:\/\/aytoanchuelo.com\/index.php\/wp-json\/wp\/v2\/categories?post=5323"},{"taxonomy":"post_tag","embeddable":true,"href":"https:\/\/aytoanchuelo.com\/index.php\/wp-json\/wp\/v2\/tags?post=5323"}],"curies":[{"name":"wp","href":"https:\/\/api.w.org\/{rel}","templated":true}]}}