{"id":5255,"date":"2021-11-04T08:31:55","date_gmt":"2021-11-04T07:31:55","guid":{"rendered":"https:\/\/aytoanchuelo.com\/?p=5255"},"modified":"2021-11-04T08:47:14","modified_gmt":"2021-11-04T07:47:14","slug":"taller-practico-de-autocuidado-profesional-ante-la-violencia-de-genero-mancomunidad-de-servicios-sociales-pantuena","status":"publish","type":"post","link":"https:\/\/aytoanchuelo.com\/index.php\/2021\/11\/04\/taller-practico-de-autocuidado-profesional-ante-la-violencia-de-genero-mancomunidad-de-servicios-sociales-pantuena\/","title":{"rendered":"TALLER PRACTICO DE AUTOCUIDADO PROFESIONAL ANTE LA VIOLENCIA DE GENERO. MANCOMUNIDAD DE SERVICIOS SOCIALES PANTUE\u00d1A."},"content":{"rendered":"\n<p>Desde la Mancomunidad de Pantue\u00f1a (PMORVG)&nbsp; como actividad&nbsp; se ha dise\u00f1ado un taller de autocuidado&nbsp;profesional&nbsp;pensado&nbsp; para las y los profesionales que atendemos a personas de vulnerabilidad y situaciones traum\u00e1ticas que pueden implicar a largo plazo estr\u00e9s, ansiedad. La idea es poder identificar la necesidad de autocuidarnos, conocer nuestras se\u00f1ales de&nbsp;alarma&nbsp;y c\u00f3mo responde nuestro cuerpo y generar cohesi\u00f3n grupal<\/p>\n\n\n\n<p>El taller se impartir\u00e1 el&nbsp;<strong>Viernes 19 y 26 de Noviembre de 9.30 a 12.00&nbsp;h&nbsp;presencial&nbsp;en el antiguo Rinc\u00f3n J\u00f3ven, enfrente de correos, Torres de la Alameda.<\/strong>&nbsp;<\/p>\n\n\n\n<p>Inscripciones Aqu\u00ed:\u00a0<\/p>\n\n\n\n<p><a href=\"https:\/\/forms.gle\/iWTimq7dLNL3niMw5\">https:\/\/forms.gle\/iWTimq7dLNL3niMw5<\/a><\/p>\n\n\n\n<figure class=\"wp-block-image size-large\"><img loading=\"lazy\" decoding=\"async\" width=\"724\" height=\"1024\" src=\"https:\/\/aytoanchuelo.com\/wp-content\/uploads\/2021\/11\/S22C-821110408260-724x1024.jpg\" alt=\"\" class=\"wp-image-5256\" srcset=\"https:\/\/aytoanchuelo.com\/wp-content\/uploads\/2021\/11\/S22C-821110408260-724x1024.jpg 724w, https:\/\/aytoanchuelo.com\/wp-content\/uploads\/2021\/11\/S22C-821110408260-212x300.jpg 212w, https:\/\/aytoanchuelo.com\/wp-content\/uploads\/2021\/11\/S22C-821110408260-768x1086.jpg 768w, https:\/\/aytoanchuelo.com\/wp-content\/uploads\/2021\/11\/S22C-821110408260-1086x1536.jpg 1086w, https:\/\/aytoanchuelo.com\/wp-content\/uploads\/2021\/11\/S22C-821110408260-1448x2048.jpg 1448w, https:\/\/aytoanchuelo.com\/wp-content\/uploads\/2021\/11\/S22C-821110408260-scaled.jpg 1810w\" sizes=\"auto, (max-width: 724px) 100vw, 724px\" \/><\/figure>\n","protected":false},"excerpt":{"rendered":"<p>Desde la Mancomunidad de Pantue\u00f1a (PMORVG)&nbsp; como actividad&nbsp; se ha dise\u00f1ado un taller de autocuidado&nbsp;profesional&nbsp;pensado&nbsp; para las y los profesionales que atendemos a personas de vulnerabilidad y situaciones traum\u00e1ticas que pueden implicar a largo plazo estr\u00e9s, ansiedad. La idea es poder identificar la necesidad de autocuidarnos, conocer nuestras se\u00f1ales de&nbsp;alarma&nbsp;y [&hellip;]<\/p>\n","protected":false},"author":2,"featured_media":0,"comment_status":"closed","ping_status":"closed","sticky":false,"template":"","format":"standard","meta":{"_coblocks_attr":"","_coblocks_dimensions":"","_coblocks_responsive_height":"","_coblocks_accordion_ie_support":"","footnotes":""},"categories":[85,35],"tags":[],"class_list":["post-5255","post","type-post","status-publish","format-standard","hentry","category-mancomunidad-pantuena","category-noticias"],"_links":{"self":[{"href":"https:\/\/aytoanchuelo.com\/index.php\/wp-json\/wp\/v2\/posts\/5255","targetHints":{"allow":["GET"]}}],"collection":[{"href":"https:\/\/aytoanchuelo.com\/index.php\/wp-json\/wp\/v2\/posts"}],"about":[{"href":"https:\/\/aytoanchuelo.com\/index.php\/wp-json\/wp\/v2\/types\/post"}],"author":[{"embeddable":true,"href":"https:\/\/aytoanchuelo.com\/index.php\/wp-json\/wp\/v2\/users\/2"}],"replies":[{"embeddable":true,"href":"https:\/\/aytoanchuelo.com\/index.php\/wp-json\/wp\/v2\/comments?post=5255"}],"version-history":[{"count":3,"href":"https:\/\/aytoanchuelo.com\/index.php\/wp-json\/wp\/v2\/posts\/5255\/revisions"}],"predecessor-version":[{"id":5260,"href":"https:\/\/aytoanchuelo.com\/index.php\/wp-json\/wp\/v2\/posts\/5255\/revisions\/5260"}],"wp:attachment":[{"href":"https:\/\/aytoanchuelo.com\/index.php\/wp-json\/wp\/v2\/media?parent=5255"}],"wp:term":[{"taxonomy":"category","embeddable":true,"href":"https:\/\/aytoanchuelo.com\/index.php\/wp-json\/wp\/v2\/categories?post=5255"},{"taxonomy":"post_tag","embeddable":true,"href":"https:\/\/aytoanchuelo.com\/index.php\/wp-json\/wp\/v2\/tags?post=5255"}],"curies":[{"name":"wp","href":"https:\/\/api.w.org\/{rel}","templated":true}]}}