{"id":5251,"date":"2021-11-04T08:18:09","date_gmt":"2021-11-04T07:18:09","guid":{"rendered":"https:\/\/aytoanchuelo.com\/?p=5251"},"modified":"2021-11-04T08:25:21","modified_gmt":"2021-11-04T07:25:21","slug":"taller-autodefensa-personal-femenina-mancomunidad-de-servicios-sociales-pantuena","status":"publish","type":"post","link":"https:\/\/aytoanchuelo.com\/index.php\/2021\/11\/04\/taller-autodefensa-personal-femenina-mancomunidad-de-servicios-sociales-pantuena\/","title":{"rendered":"TALLER AUTODEFENSA PERSONAL FEMENINA. MANCOMUNIDAD DE SERVICIOS SOCIALES PANTUE\u00d1A"},"content":{"rendered":"\n<p>Con motivo del 25N, Se realizar\u00e1 Un <strong>taller presencial de Autodefensa Femenina<\/strong>&nbsp;donde analizaremos el marco social&nbsp;en el que la violencia machista se produce y&nbsp;desarrollaremos estrategias de autodefensa que ir\u00e1n desde la identificaci\u00f3n de qu\u00e9 violencias sufren las mujeres, aprenderemos habilidades emocionales y actitudinales como f\u00edsicas y de contenci\u00f3n para afrontar el conflicto f\u00edsico sin necesidad de estar en ning\u00fan determinada forma f\u00edsica.&nbsp;<\/p>\n\n\n\n<p>El Taller tendr\u00e1 lugar <strong>los d\u00edas 12, 19 y 25 en el Rinc\u00f3n Joven de Torres de la Alameda de 16:00 a 18:30 h<\/strong>.\u00a0<\/p>\n\n\n\n<p><strong>Inscripciones Aqu\u00ed:<\/strong> <a href=\"https:\/\/forms.gle\/ZwniSJAnZfpUXHsg8\">https:\/\/forms.gle\/ZwniSJAnZfpUXHsg8<\/a>.<br><\/p>\n\n\n\n<p>Hasta completar aforo y con medidas Covid.<\/p>\n\n\n\n<figure class=\"wp-block-image size-large\"><img loading=\"lazy\" decoding=\"async\" width=\"724\" height=\"1024\" src=\"https:\/\/aytoanchuelo.com\/wp-content\/uploads\/2021\/11\/TALLER-AUTODEFENSA._page-0001-1-724x1024.jpg\" alt=\"\" class=\"wp-image-5253\" srcset=\"https:\/\/aytoanchuelo.com\/wp-content\/uploads\/2021\/11\/TALLER-AUTODEFENSA._page-0001-1-724x1024.jpg 724w, https:\/\/aytoanchuelo.com\/wp-content\/uploads\/2021\/11\/TALLER-AUTODEFENSA._page-0001-1-212x300.jpg 212w, https:\/\/aytoanchuelo.com\/wp-content\/uploads\/2021\/11\/TALLER-AUTODEFENSA._page-0001-1-768x1086.jpg 768w, https:\/\/aytoanchuelo.com\/wp-content\/uploads\/2021\/11\/TALLER-AUTODEFENSA._page-0001-1-1086x1536.jpg 1086w, https:\/\/aytoanchuelo.com\/wp-content\/uploads\/2021\/11\/TALLER-AUTODEFENSA._page-0001-1-1448x2048.jpg 1448w, https:\/\/aytoanchuelo.com\/wp-content\/uploads\/2021\/11\/TALLER-AUTODEFENSA._page-0001-1-scaled.jpg 1810w\" sizes=\"auto, (max-width: 724px) 100vw, 724px\" \/><\/figure>\n\n\n\n<div class=\"wp-block-file\"><a href=\"https:\/\/aytoanchuelo.com\/wp-content\/uploads\/2021\/11\/TALLER-AUTODEFENSA._page-0001-scaled.jpg\">TALLER-AUTODEFENSA._page-0001<\/a><a href=\"https:\/\/aytoanchuelo.com\/wp-content\/uploads\/2021\/11\/TALLER-AUTODEFENSA._page-0001-scaled.jpg\" class=\"wp-block-file__button\" download>Descarga<\/a><\/div>\n","protected":false},"excerpt":{"rendered":"<p>Con motivo del 25N, Se realizar\u00e1 Un taller presencial de Autodefensa Femenina&nbsp;donde analizaremos el marco social&nbsp;en el que la violencia machista se produce y&nbsp;desarrollaremos estrategias de autodefensa que ir\u00e1n desde la identificaci\u00f3n de qu\u00e9 violencias sufren las mujeres, aprenderemos habilidades emocionales y actitudinales como f\u00edsicas y de contenci\u00f3n para afrontar [&hellip;]<\/p>\n","protected":false},"author":2,"featured_media":0,"comment_status":"closed","ping_status":"closed","sticky":false,"template":"","format":"standard","meta":{"_coblocks_attr":"","_coblocks_dimensions":"","_coblocks_responsive_height":"","_coblocks_accordion_ie_support":"","footnotes":""},"categories":[85,86,35],"tags":[],"class_list":["post-5251","post","type-post","status-publish","format-standard","hentry","category-mancomunidad-pantuena","category-mujeres","category-noticias"],"_links":{"self":[{"href":"https:\/\/aytoanchuelo.com\/index.php\/wp-json\/wp\/v2\/posts\/5251","targetHints":{"allow":["GET"]}}],"collection":[{"href":"https:\/\/aytoanchuelo.com\/index.php\/wp-json\/wp\/v2\/posts"}],"about":[{"href":"https:\/\/aytoanchuelo.com\/index.php\/wp-json\/wp\/v2\/types\/post"}],"author":[{"embeddable":true,"href":"https:\/\/aytoanchuelo.com\/index.php\/wp-json\/wp\/v2\/users\/2"}],"replies":[{"embeddable":true,"href":"https:\/\/aytoanchuelo.com\/index.php\/wp-json\/wp\/v2\/comments?post=5251"}],"version-history":[{"count":1,"href":"https:\/\/aytoanchuelo.com\/index.php\/wp-json\/wp\/v2\/posts\/5251\/revisions"}],"predecessor-version":[{"id":5254,"href":"https:\/\/aytoanchuelo.com\/index.php\/wp-json\/wp\/v2\/posts\/5251\/revisions\/5254"}],"wp:attachment":[{"href":"https:\/\/aytoanchuelo.com\/index.php\/wp-json\/wp\/v2\/media?parent=5251"}],"wp:term":[{"taxonomy":"category","embeddable":true,"href":"https:\/\/aytoanchuelo.com\/index.php\/wp-json\/wp\/v2\/categories?post=5251"},{"taxonomy":"post_tag","embeddable":true,"href":"https:\/\/aytoanchuelo.com\/index.php\/wp-json\/wp\/v2\/tags?post=5251"}],"curies":[{"name":"wp","href":"https:\/\/api.w.org\/{rel}","templated":true}]}}