{"id":5158,"date":"2021-07-01T11:15:27","date_gmt":"2021-07-01T10:15:27","guid":{"rendered":"https:\/\/aytoanchuelo.com\/?p=5158"},"modified":"2021-07-01T11:23:29","modified_gmt":"2021-07-01T10:23:29","slug":"paco-damas-canta-a-las-sin-sombrero-viernes-2-de-julio-a-las-2200-h-en-la-plaza-medio-celemin","status":"publish","type":"post","link":"https:\/\/aytoanchuelo.com\/index.php\/2021\/07\/01\/paco-damas-canta-a-las-sin-sombrero-viernes-2-de-julio-a-las-2200-h-en-la-plaza-medio-celemin\/","title":{"rendered":"PACO DAMAS CANTA A LAS SIN SOMBRERO. VIERNES 2 DE JULIO A LAS 22:00 h, EN LA PLAZA MEDIO CELEMIN."},"content":{"rendered":"\n<figure class=\"wp-block-image size-large\"><img loading=\"lazy\" decoding=\"async\" width=\"768\" height=\"1024\" src=\"https:\/\/aytoanchuelo.com\/wp-content\/uploads\/2021\/07\/1625130832164-768x1024.jpg\" alt=\"\" class=\"wp-image-5159\" srcset=\"https:\/\/aytoanchuelo.com\/wp-content\/uploads\/2021\/07\/1625130832164-768x1024.jpg 768w, https:\/\/aytoanchuelo.com\/wp-content\/uploads\/2021\/07\/1625130832164-225x300.jpg 225w, https:\/\/aytoanchuelo.com\/wp-content\/uploads\/2021\/07\/1625130832164.jpg 1008w\" sizes=\"auto, (max-width: 768px) 100vw, 768px\" \/><\/figure>\n\n\n\n<p>\u201cLas Sinsombrero\u201d es un trabajo de Paco Damas que conjuga igualdad, visibilizaci\u00f3n de la mujer y concienciaci\u00f3n contra la violencia de g\u00e9nero, en un recital homenaje a las mujeres poetisas de la Generaci\u00f3n del 27.<\/p>\n\n\n\n<p>De esta manera, trabajos como los de Mar\u00eda Zambrano, Mar\u00eda Teresa Le\u00f3n, Rosa Chacel, Josefina de la Torre, Ernestina de Champorc\u00edn, Carmen Conde, Concha M\u00e9ndez y \u00c1ngela Figueroa ser\u00e1n acompa\u00f1ados con m\u00fasica en este concierto-recital a cargo del rapsoda granadino.<\/p>\n\n\n\n<p>Mujeres que se quitaron el sombrero, ese cors\u00e9 intelectual que las relegaba al papel de esposas y madres, y participaron sin complejos en la vida intelectual espa\u00f1ola entre los a\u00f1os veinte y treinta.<\/p>\n\n\n\n<p>Mujeres libres y rompedoras tambi\u00e9n en sus vidas privadas, apasionadas y apasionantes, que anticiparon, e hicieron posible, a las mujeres de hoy, a pesar del zarpazo de la Guerra Civil que acab\u00f3 con tantos sue\u00f1os de libertad e igualdad.<\/p>\n\n\n\n<p>La creaci\u00f3n del \u00e1lbum vino con la colaboraci\u00f3n de voces femeninas tan importantes en nuestro pa\u00eds como Rozal\u00e9n, Roko, Clara Montes, o Carmen Par\u00eds entre otras.<\/p>\n\n\n\n<p>En el concierto, que tendr\u00e1 lugar el viernes 2 de julio a las 22.00 horas en la Plaza del Medio Celem\u00edn, mujeres de Anchuelo pondr\u00e1n voz a distintos poemas de las autoras rese\u00f1adas.<\/p>\n\n\n\n<p>Esta es una nueva ocasi\u00f3n para constatar la implicaci\u00f3n del Ayuntamiento de Anchuelo en la lucha contra la violencia de g\u00e9nero, a trav\u00e9s de la participaci\u00f3n Ciudadana, dentro del marco del Pacto de Estado contra la Violencia de G\u00e9nero.<\/p>\n","protected":false},"excerpt":{"rendered":"<p>\u201cLas Sinsombrero\u201d es un trabajo de Paco Damas que conjuga igualdad, visibilizaci\u00f3n de la mujer y concienciaci\u00f3n contra la violencia de g\u00e9nero, en un recital homenaje a las mujeres poetisas de la Generaci\u00f3n del 27. De esta manera, trabajos como los de Mar\u00eda Zambrano, Mar\u00eda Teresa Le\u00f3n, Rosa Chacel, Josefina [&hellip;]<\/p>\n","protected":false},"author":2,"featured_media":0,"comment_status":"closed","ping_status":"closed","sticky":false,"template":"","format":"standard","meta":{"_coblocks_attr":"","_coblocks_dimensions":"","_coblocks_responsive_height":"","_coblocks_accordion_ie_support":"","footnotes":""},"categories":[1],"tags":[],"class_list":["post-5158","post","type-post","status-publish","format-standard","hentry","category-uncategorized"],"_links":{"self":[{"href":"https:\/\/aytoanchuelo.com\/index.php\/wp-json\/wp\/v2\/posts\/5158","targetHints":{"allow":["GET"]}}],"collection":[{"href":"https:\/\/aytoanchuelo.com\/index.php\/wp-json\/wp\/v2\/posts"}],"about":[{"href":"https:\/\/aytoanchuelo.com\/index.php\/wp-json\/wp\/v2\/types\/post"}],"author":[{"embeddable":true,"href":"https:\/\/aytoanchuelo.com\/index.php\/wp-json\/wp\/v2\/users\/2"}],"replies":[{"embeddable":true,"href":"https:\/\/aytoanchuelo.com\/index.php\/wp-json\/wp\/v2\/comments?post=5158"}],"version-history":[{"count":1,"href":"https:\/\/aytoanchuelo.com\/index.php\/wp-json\/wp\/v2\/posts\/5158\/revisions"}],"predecessor-version":[{"id":5160,"href":"https:\/\/aytoanchuelo.com\/index.php\/wp-json\/wp\/v2\/posts\/5158\/revisions\/5160"}],"wp:attachment":[{"href":"https:\/\/aytoanchuelo.com\/index.php\/wp-json\/wp\/v2\/media?parent=5158"}],"wp:term":[{"taxonomy":"category","embeddable":true,"href":"https:\/\/aytoanchuelo.com\/index.php\/wp-json\/wp\/v2\/categories?post=5158"},{"taxonomy":"post_tag","embeddable":true,"href":"https:\/\/aytoanchuelo.com\/index.php\/wp-json\/wp\/v2\/tags?post=5158"}],"curies":[{"name":"wp","href":"https:\/\/api.w.org\/{rel}","templated":true}]}}