{"id":5146,"date":"2021-06-22T06:51:13","date_gmt":"2021-06-22T05:51:13","guid":{"rendered":"https:\/\/aytoanchuelo.com\/?p=5146"},"modified":"2021-06-22T06:53:25","modified_gmt":"2021-06-22T05:53:25","slug":"nota-informativa-corte-de-calle-soledad-m-226-los-santos-de-la-humosa-por-reposicion-farolas","status":"publish","type":"post","link":"https:\/\/aytoanchuelo.com\/index.php\/2021\/06\/22\/nota-informativa-corte-de-calle-soledad-m-226-los-santos-de-la-humosa-por-reposicion-farolas\/","title":{"rendered":"NOTA INFORMATIVA. Corte de Calle Soledad (M-226) Los Santos de la Humosa, por reposici\u00f3n farolas."},"content":{"rendered":"\n<p>El Ayuntamiento de los Santos de la Humosa, nos informan que el pr\u00f3ximo martes 22 de junio de 2021, se va a proceder a la reposici\u00f3n de dos farolas de alumbrado p\u00fablico en la Calle Soledad, a la altura de los n\u00fameros 16 y 44.<\/p>\n\n\n\n<p>Se informa a los vecinos y usuarios de la v\u00eda que, durante el tiempo que duren los trabajos, la Calle Soledad (M-226) permanecer\u00e1 cortada el tr\u00e1fico de veh\u00edculos pesados, y regular para los turismos.<\/p>\n\n\n\n<p>El plazo estimado de duraci\u00f3n de los trabajos ser\u00e1 de 2 horas, comenzando a las 10:00 h.<\/p>\n\n\n\n<p>Rogamos eviten transitar por esta calle durante los trabajos, utilizando otras v\u00edas urbanas.<\/p>\n\n\n\n<p>Disculpen las molestias<\/p>\n","protected":false},"excerpt":{"rendered":"<p>El Ayuntamiento de los Santos de la Humosa, nos informan que el pr\u00f3ximo martes 22 de junio de 2021, se va a proceder a la reposici\u00f3n de dos farolas de alumbrado p\u00fablico en la Calle Soledad, a la altura de los n\u00fameros 16 y 44. Se informa a los vecinos [&hellip;]<\/p>\n","protected":false},"author":2,"featured_media":0,"comment_status":"closed","ping_status":"closed","sticky":false,"template":"","format":"standard","meta":{"_coblocks_attr":"","_coblocks_dimensions":"","_coblocks_responsive_height":"","_coblocks_accordion_ie_support":"","footnotes":""},"categories":[35],"tags":[],"class_list":["post-5146","post","type-post","status-publish","format-standard","hentry","category-noticias"],"_links":{"self":[{"href":"https:\/\/aytoanchuelo.com\/index.php\/wp-json\/wp\/v2\/posts\/5146","targetHints":{"allow":["GET"]}}],"collection":[{"href":"https:\/\/aytoanchuelo.com\/index.php\/wp-json\/wp\/v2\/posts"}],"about":[{"href":"https:\/\/aytoanchuelo.com\/index.php\/wp-json\/wp\/v2\/types\/post"}],"author":[{"embeddable":true,"href":"https:\/\/aytoanchuelo.com\/index.php\/wp-json\/wp\/v2\/users\/2"}],"replies":[{"embeddable":true,"href":"https:\/\/aytoanchuelo.com\/index.php\/wp-json\/wp\/v2\/comments?post=5146"}],"version-history":[{"count":1,"href":"https:\/\/aytoanchuelo.com\/index.php\/wp-json\/wp\/v2\/posts\/5146\/revisions"}],"predecessor-version":[{"id":5147,"href":"https:\/\/aytoanchuelo.com\/index.php\/wp-json\/wp\/v2\/posts\/5146\/revisions\/5147"}],"wp:attachment":[{"href":"https:\/\/aytoanchuelo.com\/index.php\/wp-json\/wp\/v2\/media?parent=5146"}],"wp:term":[{"taxonomy":"category","embeddable":true,"href":"https:\/\/aytoanchuelo.com\/index.php\/wp-json\/wp\/v2\/categories?post=5146"},{"taxonomy":"post_tag","embeddable":true,"href":"https:\/\/aytoanchuelo.com\/index.php\/wp-json\/wp\/v2\/tags?post=5146"}],"curies":[{"name":"wp","href":"https:\/\/api.w.org\/{rel}","templated":true}]}}