{"id":5106,"date":"2021-06-01T09:29:25","date_gmt":"2021-06-01T08:29:25","guid":{"rendered":"https:\/\/aytoanchuelo.com\/?p=5106"},"modified":"2021-06-01T11:22:17","modified_gmt":"2021-06-01T10:22:17","slug":"circuito-de-novilladas-de-la-comunidad-de-madrid-la-fiesta-del-toro-en-anchuelo-el-12-de-junio-a-las-1830-h","status":"publish","type":"post","link":"https:\/\/aytoanchuelo.com\/index.php\/2021\/06\/01\/circuito-de-novilladas-de-la-comunidad-de-madrid-la-fiesta-del-toro-en-anchuelo-el-12-de-junio-a-las-1830-h\/","title":{"rendered":"CIRCUITO DE NOVILLADAS DE LA COMUNIDAD DE MADRID. LA FIESTA DEL TORO. EN ANCHUELO EL 12 DE JUNIO, A LAS 18:30 H."},"content":{"rendered":"\n<p>El 12 de junio en Anchuelo se celebra una novillada perteneciente al Circuito de Novilladas de la Comunidad de Madrid. La Fiesta del Toro, a las 18:30 h, con\u00a06 novillos de Montealto y Quintas, los novilleros ser\u00e1n Jos\u00e9 Miguel Arellano, Alejandro Mora, y \u00c1lvaro Burdiel (debuta con picadores).<\/p>\n\n\n\n<figure class=\"wp-block-image size-large\"><img loading=\"lazy\" decoding=\"async\" width=\"530\" height=\"763\" src=\"https:\/\/aytoanchuelo.com\/wp-content\/uploads\/2021\/06\/CARTEL-1.jpg\" alt=\"\" class=\"wp-image-5112\" srcset=\"https:\/\/aytoanchuelo.com\/wp-content\/uploads\/2021\/06\/CARTEL-1.jpg 530w, https:\/\/aytoanchuelo.com\/wp-content\/uploads\/2021\/06\/CARTEL-1-208x300.jpg 208w\" sizes=\"auto, (max-width: 530px) 100vw, 530px\" \/><\/figure>\n\n\n\n<div class=\"wp-block-file\"><a href=\"https:\/\/aytoanchuelo.com\/wp-content\/uploads\/2021\/06\/CARTEL.pdf\">CARTEL<\/a><a href=\"https:\/\/aytoanchuelo.com\/wp-content\/uploads\/2021\/06\/CARTEL.pdf\" class=\"wp-block-file__button\" download>Descarga<\/a><\/div>\n","protected":false},"excerpt":{"rendered":"<p>El 12 de junio en Anchuelo se celebra una novillada perteneciente al Circuito de Novilladas de la Comunidad de Madrid. La Fiesta del Toro, a las 18:30 h, con\u00a06 novillos de Montealto y Quintas, los novilleros ser\u00e1n Jos\u00e9 Miguel Arellano, Alejandro Mora, y \u00c1lvaro Burdiel (debuta con picadores).<\/p>\n","protected":false},"author":2,"featured_media":5099,"comment_status":"closed","ping_status":"closed","sticky":false,"template":"","format":"standard","meta":{"_coblocks_attr":"","_coblocks_dimensions":"","_coblocks_responsive_height":"","_coblocks_accordion_ie_support":"","footnotes":""},"categories":[35],"tags":[],"class_list":["post-5106","post","type-post","status-publish","format-standard","has-post-thumbnail","hentry","category-noticias"],"_links":{"self":[{"href":"https:\/\/aytoanchuelo.com\/index.php\/wp-json\/wp\/v2\/posts\/5106","targetHints":{"allow":["GET"]}}],"collection":[{"href":"https:\/\/aytoanchuelo.com\/index.php\/wp-json\/wp\/v2\/posts"}],"about":[{"href":"https:\/\/aytoanchuelo.com\/index.php\/wp-json\/wp\/v2\/types\/post"}],"author":[{"embeddable":true,"href":"https:\/\/aytoanchuelo.com\/index.php\/wp-json\/wp\/v2\/users\/2"}],"replies":[{"embeddable":true,"href":"https:\/\/aytoanchuelo.com\/index.php\/wp-json\/wp\/v2\/comments?post=5106"}],"version-history":[{"count":2,"href":"https:\/\/aytoanchuelo.com\/index.php\/wp-json\/wp\/v2\/posts\/5106\/revisions"}],"predecessor-version":[{"id":5114,"href":"https:\/\/aytoanchuelo.com\/index.php\/wp-json\/wp\/v2\/posts\/5106\/revisions\/5114"}],"wp:featuredmedia":[{"embeddable":true,"href":"https:\/\/aytoanchuelo.com\/index.php\/wp-json\/wp\/v2\/media\/5099"}],"wp:attachment":[{"href":"https:\/\/aytoanchuelo.com\/index.php\/wp-json\/wp\/v2\/media?parent=5106"}],"wp:term":[{"taxonomy":"category","embeddable":true,"href":"https:\/\/aytoanchuelo.com\/index.php\/wp-json\/wp\/v2\/categories?post=5106"},{"taxonomy":"post_tag","embeddable":true,"href":"https:\/\/aytoanchuelo.com\/index.php\/wp-json\/wp\/v2\/tags?post=5106"}],"curies":[{"name":"wp","href":"https:\/\/api.w.org\/{rel}","templated":true}]}}