{"id":5063,"date":"2021-04-28T13:09:29","date_gmt":"2021-04-28T12:09:29","guid":{"rendered":"https:\/\/aytoanchuelo.com\/?p=5063"},"modified":"2021-04-28T13:09:31","modified_gmt":"2021-04-28T12:09:31","slug":"bando-corte-de-la-plaza-mayor-por-fiestas-patronales-en-honor-a-san-pedro-martir-de-verona","status":"publish","type":"post","link":"https:\/\/aytoanchuelo.com\/index.php\/2021\/04\/28\/bando-corte-de-la-plaza-mayor-por-fiestas-patronales-en-honor-a-san-pedro-martir-de-verona\/","title":{"rendered":"BANDO. CORTE DE LA PLAZA MAYOR POR FIESTAS PATRONALES EN HONOR A SAN PEDRO MARTIR DE VERONA"},"content":{"rendered":"\n<p><strong>Con motivo de las Fiestas Patronales en honor a San Pedro M\u00e1rtir de Verona, la Plaza Mayor permanecer\u00e1 cortada:<\/strong><\/p>\n\n\n\n<p><strong>Desde: El s\u00e1bado d\u00eda 1 a las 11:00 h<\/strong><\/p>\n\n\n\n<p><strong>Hasta: El Domingo 2 de mayo a las 17:00 h.<\/strong><\/p>\n\n\n\n<p><strong>Respetando en todo caso el acceso a garajes y al servicio de reparto a bares y dem\u00e1s comercios.<\/strong><\/p>\n","protected":false},"excerpt":{"rendered":"<p>Con motivo de las Fiestas Patronales en honor a San Pedro M\u00e1rtir de Verona, la Plaza Mayor permanecer\u00e1 cortada: Desde: El s\u00e1bado d\u00eda 1 a las 11:00 h Hasta: El Domingo 2 de mayo a las 17:00 h. Respetando en todo caso el acceso a garajes y al servicio de [&hellip;]<\/p>\n","protected":false},"author":2,"featured_media":5062,"comment_status":"closed","ping_status":"closed","sticky":false,"template":"","format":"standard","meta":{"_coblocks_attr":"","_coblocks_dimensions":"","_coblocks_responsive_height":"","_coblocks_accordion_ie_support":"","footnotes":""},"categories":[87,35],"tags":[],"class_list":["post-5063","post","type-post","status-publish","format-standard","has-post-thumbnail","hentry","category-fiestas","category-noticias"],"_links":{"self":[{"href":"https:\/\/aytoanchuelo.com\/index.php\/wp-json\/wp\/v2\/posts\/5063","targetHints":{"allow":["GET"]}}],"collection":[{"href":"https:\/\/aytoanchuelo.com\/index.php\/wp-json\/wp\/v2\/posts"}],"about":[{"href":"https:\/\/aytoanchuelo.com\/index.php\/wp-json\/wp\/v2\/types\/post"}],"author":[{"embeddable":true,"href":"https:\/\/aytoanchuelo.com\/index.php\/wp-json\/wp\/v2\/users\/2"}],"replies":[{"embeddable":true,"href":"https:\/\/aytoanchuelo.com\/index.php\/wp-json\/wp\/v2\/comments?post=5063"}],"version-history":[{"count":1,"href":"https:\/\/aytoanchuelo.com\/index.php\/wp-json\/wp\/v2\/posts\/5063\/revisions"}],"predecessor-version":[{"id":5064,"href":"https:\/\/aytoanchuelo.com\/index.php\/wp-json\/wp\/v2\/posts\/5063\/revisions\/5064"}],"wp:featuredmedia":[{"embeddable":true,"href":"https:\/\/aytoanchuelo.com\/index.php\/wp-json\/wp\/v2\/media\/5062"}],"wp:attachment":[{"href":"https:\/\/aytoanchuelo.com\/index.php\/wp-json\/wp\/v2\/media?parent=5063"}],"wp:term":[{"taxonomy":"category","embeddable":true,"href":"https:\/\/aytoanchuelo.com\/index.php\/wp-json\/wp\/v2\/categories?post=5063"},{"taxonomy":"post_tag","embeddable":true,"href":"https:\/\/aytoanchuelo.com\/index.php\/wp-json\/wp\/v2\/tags?post=5063"}],"curies":[{"name":"wp","href":"https:\/\/api.w.org\/{rel}","templated":true}]}}