{"id":5058,"date":"2021-04-26T10:52:06","date_gmt":"2021-04-26T09:52:06","guid":{"rendered":"https:\/\/aytoanchuelo.com\/?p=5058"},"modified":"2021-04-26T10:52:08","modified_gmt":"2021-04-26T09:52:08","slug":"fiestas-patronales-en-honor-a-nuestro-santo-patron-san-pedro-martir-de-verona-2021","status":"publish","type":"post","link":"https:\/\/aytoanchuelo.com\/index.php\/2021\/04\/26\/fiestas-patronales-en-honor-a-nuestro-santo-patron-san-pedro-martir-de-verona-2021\/","title":{"rendered":"FIESTAS PATRONALES EN HONOR A NUESTRO SANTO PATRON SAN PEDRO MARTIR DE VERONA (2021)"},"content":{"rendered":"\n<p>Queridos vecinos:<\/p>\n\n\n\n<p>Un a\u00f1o m\u00e1s me dirijo a vosotros con motivo de las fiestas en honor de nuestro santo Patr\u00f3n San Pedro de Verona.<\/p>\n\n\n\n<p>Si hace un a\u00f1o la situaci\u00f3n durante las Fiestas fue de confinamiento domiciliario, en la actualidad hemos mejorado en cuanto poder salir de casa, pero seguimos en alerta y con las actividades restringidas.<\/p>\n\n\n\n<p>La Fiesta se divide tradicionalmente en los actos religiosos y en los actos civiles como encierros o conciertos.<\/p>\n\n\n\n<p>En cuanto a los actos religiosos, pretendemos celebrar las novenas a nuestro Santo y la misa solemne el d\u00eda 29 como siempre. Como todos los a\u00f1os, se celebrar\u00e1 una misa a la 10,00 y la misa solemne a las 12,00. Aconsejamos la asistencia a la primera para evitar aglomeraciones en la de las 12,00.<\/p>\n\n\n\n<p>A las 19,00 sacaremos en andas la imagen de nuestro Santo Patr\u00f3n a la plaza de la iglesia para, con orden y concierto, poderse fotografiar con la imagen.<\/p>\n\n\n\n<p>Lamentablemente no podemos sacar el Santo en procesi\u00f3n al no contar con la autorizaci\u00f3n pertinente.<\/p>\n\n\n\n<p>Estos actos se pueden realizar porque se est\u00e1n celebrando misas todos los fines de semana y, con las limitaciones de aforo que marca la norma, se pueden realizar novena y misa del Santo. La misa del d\u00eda de la fiesta, igual que el a\u00f1o pasado, se retransmitir\u00e1 por Internet para todos aquellos que no puedan asistir a la iglesia y deseen verla.<\/p>\n\n\n\n<p>Ninguno de los actos civiles se puede realizar puesto que las limitaciones del n\u00famero de personas que se pueden juntar siguen vigentes, as\u00ed como el toque de queda a las 23,00 al seguir hasta el 9 de mayo en estado de alerta.<\/p>\n\n\n\n<p>Estas normas rigen tambi\u00e9n con respecto a las pe\u00f1as, donde pedimos que no se junte un n\u00famero de personas no convivientes superior al permitido y que se utilice la mascarilla siempre que sea posible.<\/p>\n\n\n\n<p>Solo me queda desearos unas felices fiestas con el deseo que poder celebrar unas en su totalidad como se ha hecho cada a\u00f1o antes de la pandemia.<\/p>\n\n\n\n<p>\u00a1Felices Fiestas 2021!<\/p>\n\n\n\n<p>El Alcalde, Javier Doncel Fern\u00e1ndez<\/p>\n\n\n\n<div class=\"wp-block-file\"><a href=\"https:\/\/aytoanchuelo.com\/wp-content\/uploads\/2021\/04\/FIESTAS-SAN-PEDRO-MARTIR-2021.pdf\">FIESTAS-SAN-PEDRO-MARTIR-2021<\/a><a href=\"https:\/\/aytoanchuelo.com\/wp-content\/uploads\/2021\/04\/FIESTAS-SAN-PEDRO-MARTIR-2021.pdf\" class=\"wp-block-file__button\" download>Descarga<\/a><\/div>\n","protected":false},"excerpt":{"rendered":"<p>Queridos vecinos: Un a\u00f1o m\u00e1s me dirijo a vosotros con motivo de las fiestas en honor de nuestro santo Patr\u00f3n San Pedro de Verona. Si hace un a\u00f1o la situaci\u00f3n durante las Fiestas fue de confinamiento domiciliario, en la actualidad hemos mejorado en cuanto poder salir de casa, pero seguimos [&hellip;]<\/p>\n","protected":false},"author":2,"featured_media":5062,"comment_status":"closed","ping_status":"closed","sticky":false,"template":"","format":"standard","meta":{"_coblocks_attr":"","_coblocks_dimensions":"","_coblocks_responsive_height":"","_coblocks_accordion_ie_support":"","footnotes":""},"categories":[87,35],"tags":[],"class_list":["post-5058","post","type-post","status-publish","format-standard","has-post-thumbnail","hentry","category-fiestas","category-noticias"],"_links":{"self":[{"href":"https:\/\/aytoanchuelo.com\/index.php\/wp-json\/wp\/v2\/posts\/5058","targetHints":{"allow":["GET"]}}],"collection":[{"href":"https:\/\/aytoanchuelo.com\/index.php\/wp-json\/wp\/v2\/posts"}],"about":[{"href":"https:\/\/aytoanchuelo.com\/index.php\/wp-json\/wp\/v2\/types\/post"}],"author":[{"embeddable":true,"href":"https:\/\/aytoanchuelo.com\/index.php\/wp-json\/wp\/v2\/users\/2"}],"replies":[{"embeddable":true,"href":"https:\/\/aytoanchuelo.com\/index.php\/wp-json\/wp\/v2\/comments?post=5058"}],"version-history":[{"count":1,"href":"https:\/\/aytoanchuelo.com\/index.php\/wp-json\/wp\/v2\/posts\/5058\/revisions"}],"predecessor-version":[{"id":5061,"href":"https:\/\/aytoanchuelo.com\/index.php\/wp-json\/wp\/v2\/posts\/5058\/revisions\/5061"}],"wp:featuredmedia":[{"embeddable":true,"href":"https:\/\/aytoanchuelo.com\/index.php\/wp-json\/wp\/v2\/media\/5062"}],"wp:attachment":[{"href":"https:\/\/aytoanchuelo.com\/index.php\/wp-json\/wp\/v2\/media?parent=5058"}],"wp:term":[{"taxonomy":"category","embeddable":true,"href":"https:\/\/aytoanchuelo.com\/index.php\/wp-json\/wp\/v2\/categories?post=5058"},{"taxonomy":"post_tag","embeddable":true,"href":"https:\/\/aytoanchuelo.com\/index.php\/wp-json\/wp\/v2\/tags?post=5058"}],"curies":[{"name":"wp","href":"https:\/\/api.w.org\/{rel}","templated":true}]}}