{"id":5021,"date":"2021-03-05T08:13:38","date_gmt":"2021-03-05T07:13:38","guid":{"rendered":"https:\/\/aytoanchuelo.com\/?p=5021"},"modified":"2021-03-05T08:14:30","modified_gmt":"2021-03-05T07:14:30","slug":"procedimientos-de-evaluacion-y-acreditacion-de-las-competencias-profesionales-nueva-convocatoria-acredita-tu-experiencia","status":"publish","type":"post","link":"https:\/\/aytoanchuelo.com\/index.php\/2021\/03\/05\/procedimientos-de-evaluacion-y-acreditacion-de-las-competencias-profesionales-nueva-convocatoria-acredita-tu-experiencia\/","title":{"rendered":"Procedimientos de Evaluaci\u00f3n y Acreditaci\u00f3n de las Competencias Profesionales. Nueva convocatoria aCredita tu experiencia. (Actividades F\u00edsicas y Deportivas)"},"content":{"rendered":"\n<p>Con fecha 3 de marzo de 2021, ha salido publicada en el Bolet\u00edn Oficial de la Comunidad de Madrid, la Orden de 28 de febrero de 2021, de la Consejer\u00eda de Econom\u00eda, Empleo y Competitividad, por la que se convoca procedimiento de evaluaci\u00f3n y acreditaci\u00f3n de las competencias profesionales en determinadas cualificaciones profesionales en el \u00e1mbito de la Comunidad de Madrid.<\/p>\n\n\n\n<p>Este procedimiento permite obtener una acreditaci\u00f3n oficial con validez en todo el \u00e1mbito nacional. incrementando las posibilidades de apertura ante nuevos retos profesionales.<\/p>\n\n\n\n<p>Asimismo, acredita unidades de competencia que constituyen una parte de un titulo de Formaci\u00f3n Profesional o de un Certificado de Profesionalidad pudiendo convalidar esas unidades ya acreditadas.<\/p>\n\n\n\n<p><strong>FAMILIA PROFESIONAL:<\/strong> Actividades F\u00edsicas y Deportivas<\/p>\n\n\n\n<p><strong>PLAZAS CONVOCADAS:<\/strong> 1.750<\/p>\n\n\n\n<p><strong>PLAZO DE INSCRIPCI\u00d3N:<\/strong> del 4 de marzo al 5 de abril de 2021<\/p>\n\n\n\n<figure class=\"wp-block-image size-large\"><img loading=\"lazy\" decoding=\"async\" width=\"967\" height=\"685\" src=\"https:\/\/aytoanchuelo.com\/wp-content\/uploads\/2021\/03\/Pagina-1.jpg\" alt=\"\" class=\"wp-image-5022\" srcset=\"https:\/\/aytoanchuelo.com\/wp-content\/uploads\/2021\/03\/Pagina-1.jpg 967w, https:\/\/aytoanchuelo.com\/wp-content\/uploads\/2021\/03\/Pagina-1-300x213.jpg 300w, https:\/\/aytoanchuelo.com\/wp-content\/uploads\/2021\/03\/Pagina-1-768x544.jpg 768w\" sizes=\"auto, (max-width: 967px) 100vw, 967px\" \/><\/figure>\n\n\n\n<figure class=\"wp-block-image size-large\"><img loading=\"lazy\" decoding=\"async\" width=\"968\" height=\"685\" src=\"https:\/\/aytoanchuelo.com\/wp-content\/uploads\/2021\/03\/Pagina-2.jpg\" alt=\"\" class=\"wp-image-5023\" srcset=\"https:\/\/aytoanchuelo.com\/wp-content\/uploads\/2021\/03\/Pagina-2.jpg 968w, https:\/\/aytoanchuelo.com\/wp-content\/uploads\/2021\/03\/Pagina-2-300x212.jpg 300w, https:\/\/aytoanchuelo.com\/wp-content\/uploads\/2021\/03\/Pagina-2-768x543.jpg 768w\" sizes=\"auto, (max-width: 968px) 100vw, 968px\" \/><\/figure>\n\n\n\n<div class=\"wp-block-file\"><a href=\"https:\/\/aytoanchuelo.com\/wp-content\/uploads\/2021\/03\/HOJA-INF-GENERAL.pdf\">HOJA-INF-GENERAL<\/a><a href=\"https:\/\/aytoanchuelo.com\/wp-content\/uploads\/2021\/03\/HOJA-INF-GENERAL.pdf\" class=\"wp-block-file__button\" download>Descarga<\/a><\/div>\n\n\n\n<div class=\"wp-block-file\"><a href=\"https:\/\/aytoanchuelo.com\/wp-content\/uploads\/2021\/03\/HOJA-ACTIV.-NATACION.pdf\">HOJA-ACTIV.-NATACION<\/a><a href=\"https:\/\/aytoanchuelo.com\/wp-content\/uploads\/2021\/03\/HOJA-ACTIV.-NATACION.pdf\" class=\"wp-block-file__button\" download>Descarga<\/a><\/div>\n\n\n\n<div class=\"wp-block-file\"><a href=\"https:\/\/aytoanchuelo.com\/wp-content\/uploads\/2021\/03\/HOJA-INFORM-ANIMA-FIS-DEPORT-DISCAPACIDADpptx.pdf\">HOJA-INFORM-ANIMA-FIS-DEPORT-DISCAPACIDADpptx<\/a><a href=\"https:\/\/aytoanchuelo.com\/wp-content\/uploads\/2021\/03\/HOJA-INFORM-ANIMA-FIS-DEPORT-DISCAPACIDADpptx.pdf\" class=\"wp-block-file__button\" download>Descarga<\/a><\/div>\n\n\n\n<div class=\"wp-block-file\"><a href=\"https:\/\/aytoanchuelo.com\/wp-content\/uploads\/2021\/03\/HOJA-INFORM-ANIMA-FIS-DEPORTIVApptx.pdf\">HOJA-INFORM-ANIMA-FIS-DEPORTIVApptx<\/a><a href=\"https:\/\/aytoanchuelo.com\/wp-content\/uploads\/2021\/03\/HOJA-INFORM-ANIMA-FIS-DEPORTIVApptx.pdf\" class=\"wp-block-file__button\" download>Descarga<\/a><\/div>\n\n\n\n<div class=\"wp-block-file\"><a href=\"https:\/\/aytoanchuelo.com\/wp-content\/uploads\/2021\/03\/HOJA-INFORM-FITNESS-ACUATICO-E-HIDROCINESIApptx.pdf\">HOJA-INFORM-FITNESS-ACUATICO-E-HIDROCINESIApptx<\/a><a href=\"https:\/\/aytoanchuelo.com\/wp-content\/uploads\/2021\/03\/HOJA-INFORM-FITNESS-ACUATICO-E-HIDROCINESIApptx.pdf\" class=\"wp-block-file__button\" download>Descarga<\/a><\/div>\n\n\n\n<div class=\"wp-block-file\"><a href=\"https:\/\/aytoanchuelo.com\/wp-content\/uploads\/2021\/03\/HOJA-INFORM-INSTRUCCION-YOGA.pdf\">HOJA-INFORM-INSTRUCCION-YOGA<\/a><a href=\"https:\/\/aytoanchuelo.com\/wp-content\/uploads\/2021\/03\/HOJA-INFORM-INSTRUCCION-YOGA.pdf\" class=\"wp-block-file__button\" download>Descarga<\/a><\/div>\n\n\n\n<div class=\"wp-block-file\"><a href=\"https:\/\/aytoanchuelo.com\/wp-content\/uploads\/2021\/03\/HOJA-INFORM-INT-DEPORTIVAS.pdf\">HOJA-INFORM-INT-DEPORTIVAS<\/a><a href=\"https:\/\/aytoanchuelo.com\/wp-content\/uploads\/2021\/03\/HOJA-INFORM-INT-DEPORTIVAS.pdf\" class=\"wp-block-file__button\" download>Descarga<\/a><\/div>\n\n\n\n<div class=\"wp-block-file\"><a href=\"https:\/\/aytoanchuelo.com\/wp-content\/uploads\/2021\/03\/HOJA-INFORM-MUSICAL.pdf\">HOJA-INFORM-MUSICAL<\/a><a href=\"https:\/\/aytoanchuelo.com\/wp-content\/uploads\/2021\/03\/HOJA-INFORM-MUSICAL.pdf\" class=\"wp-block-file__button\" download>Descarga<\/a><\/div>\n\n\n\n<div class=\"wp-block-file\"><a href=\"https:\/\/aytoanchuelo.com\/wp-content\/uploads\/2021\/03\/HOJA-INFORM-POLIVALENTE.pdf\">HOJA-INFORM-POLIVALENTE<\/a><a href=\"https:\/\/aytoanchuelo.com\/wp-content\/uploads\/2021\/03\/HOJA-INFORM-POLIVALENTE.pdf\" class=\"wp-block-file__button\" download>Descarga<\/a><\/div>\n","protected":false},"excerpt":{"rendered":"<p>Con fecha 3 de marzo de 2021, ha salido publicada en el Bolet\u00edn Oficial de la Comunidad de Madrid, la Orden de 28 de febrero de 2021, de la Consejer\u00eda de Econom\u00eda, Empleo y Competitividad, por la que se convoca procedimiento de evaluaci\u00f3n y acreditaci\u00f3n de las competencias profesionales en [&hellip;]<\/p>\n","protected":false},"author":2,"featured_media":5033,"comment_status":"closed","ping_status":"closed","sticky":false,"template":"","format":"standard","meta":{"_coblocks_attr":"","_coblocks_dimensions":"","_coblocks_responsive_height":"","_coblocks_accordion_ie_support":"","footnotes":""},"categories":[65,35],"tags":[],"class_list":["post-5021","post","type-post","status-publish","format-standard","has-post-thumbnail","hentry","category-deportes","category-noticias"],"_links":{"self":[{"href":"https:\/\/aytoanchuelo.com\/index.php\/wp-json\/wp\/v2\/posts\/5021","targetHints":{"allow":["GET"]}}],"collection":[{"href":"https:\/\/aytoanchuelo.com\/index.php\/wp-json\/wp\/v2\/posts"}],"about":[{"href":"https:\/\/aytoanchuelo.com\/index.php\/wp-json\/wp\/v2\/types\/post"}],"author":[{"embeddable":true,"href":"https:\/\/aytoanchuelo.com\/index.php\/wp-json\/wp\/v2\/users\/2"}],"replies":[{"embeddable":true,"href":"https:\/\/aytoanchuelo.com\/index.php\/wp-json\/wp\/v2\/comments?post=5021"}],"version-history":[{"count":4,"href":"https:\/\/aytoanchuelo.com\/index.php\/wp-json\/wp\/v2\/posts\/5021\/revisions"}],"predecessor-version":[{"id":5037,"href":"https:\/\/aytoanchuelo.com\/index.php\/wp-json\/wp\/v2\/posts\/5021\/revisions\/5037"}],"wp:featuredmedia":[{"embeddable":true,"href":"https:\/\/aytoanchuelo.com\/index.php\/wp-json\/wp\/v2\/media\/5033"}],"wp:attachment":[{"href":"https:\/\/aytoanchuelo.com\/index.php\/wp-json\/wp\/v2\/media?parent=5021"}],"wp:term":[{"taxonomy":"category","embeddable":true,"href":"https:\/\/aytoanchuelo.com\/index.php\/wp-json\/wp\/v2\/categories?post=5021"},{"taxonomy":"post_tag","embeddable":true,"href":"https:\/\/aytoanchuelo.com\/index.php\/wp-json\/wp\/v2\/tags?post=5021"}],"curies":[{"name":"wp","href":"https:\/\/api.w.org\/{rel}","templated":true}]}}