{"id":4936,"date":"2020-11-17T10:52:08","date_gmt":"2020-11-17T09:52:08","guid":{"rendered":"https:\/\/aytoanchuelo.com\/?p=4936"},"modified":"2020-11-17T10:52:17","modified_gmt":"2020-11-17T09:52:17","slug":"taller-prevencion-violencia-de-genero","status":"publish","type":"post","link":"https:\/\/aytoanchuelo.com\/index.php\/2020\/11\/17\/taller-prevencion-violencia-de-genero\/","title":{"rendered":"Taller prevenci\u00f3n Violencia de G\u00e9nero"},"content":{"rendered":"\n<figure class=\"wp-block-image size-large\"><img loading=\"lazy\" decoding=\"async\" width=\"725\" height=\"1024\" src=\"https:\/\/aytoanchuelo.com\/wp-content\/uploads\/2020\/11\/WhatsApp-Image-2020-11-17-at-10.43.13-725x1024.jpeg\" alt=\"\" class=\"wp-image-4937\" srcset=\"https:\/\/aytoanchuelo.com\/wp-content\/uploads\/2020\/11\/WhatsApp-Image-2020-11-17-at-10.43.13-725x1024.jpeg 725w, https:\/\/aytoanchuelo.com\/wp-content\/uploads\/2020\/11\/WhatsApp-Image-2020-11-17-at-10.43.13-212x300.jpeg 212w, https:\/\/aytoanchuelo.com\/wp-content\/uploads\/2020\/11\/WhatsApp-Image-2020-11-17-at-10.43.13-768x1085.jpeg 768w, https:\/\/aytoanchuelo.com\/wp-content\/uploads\/2020\/11\/WhatsApp-Image-2020-11-17-at-10.43.13.jpeg 1080w\" sizes=\"auto, (max-width: 725px) 100vw, 725px\" \/><\/figure>\n\n\n\n<p>Se informa que el Punto contra la Violencia de G\u00e9nero de la Mancomunidad de Servicios Sociales PANTUE\u00d1A desarrollar\u00e1 el pr\u00f3ximo 23 de noviembre un taller enmarcado en las actuaciones del Pacto de Estado contra la Violencia de G\u00e9nero.<\/p>\n\n\n\n<p>L@s interesad@s podr\u00e1n inscribirse a trav\u00e9s de este enlace:<\/p>\n\n\n\n<p><a href=\"https:\/\/docs.google.com\/forms\/d\/e\/1FAIpQLSfWulERGHZdJq3vvLnPukqFOsHwG0DmKWSPOecPdtBh6s_wtg\/viewform?vc=0&amp;c=0&amp;w=1&amp;flr=0&amp;gxids=7757\">https:\/\/docs.google.com\/forms\/d\/e\/1FAIpQLSfWulERGHZdJq3vvLnPukqFOsHwG0DmKWSPOecPdtBh6s_wtg\/viewform?vc=0&amp;c=0&amp;w=1&amp;flr=0&amp;gxids=7757<\/a><\/p>\n","protected":false},"excerpt":{"rendered":"<p>Se informa que el Punto contra la Violencia de G\u00e9nero de la Mancomunidad de Servicios Sociales PANTUE\u00d1A desarrollar\u00e1 el pr\u00f3ximo 23 de noviembre un taller enmarcado en las actuaciones del Pacto de Estado contra la Violencia de G\u00e9nero. L@s interesad@s podr\u00e1n inscribirse a trav\u00e9s de este enlace: https:\/\/docs.google.com\/forms\/d\/e\/1FAIpQLSfWulERGHZdJq3vvLnPukqFOsHwG0DmKWSPOecPdtBh6s_wtg\/viewform?vc=0&amp;c=0&amp;w=1&amp;flr=0&amp;gxids=7757<\/p>\n","protected":false},"author":1,"featured_media":4937,"comment_status":"closed","ping_status":"closed","sticky":false,"template":"","format":"standard","meta":{"_coblocks_attr":"","_coblocks_dimensions":"","_coblocks_responsive_height":"","_coblocks_accordion_ie_support":"","footnotes":""},"categories":[85,86,35],"tags":[],"class_list":["post-4936","post","type-post","status-publish","format-standard","has-post-thumbnail","hentry","category-mancomunidad-pantuena","category-mujeres","category-noticias"],"_links":{"self":[{"href":"https:\/\/aytoanchuelo.com\/index.php\/wp-json\/wp\/v2\/posts\/4936","targetHints":{"allow":["GET"]}}],"collection":[{"href":"https:\/\/aytoanchuelo.com\/index.php\/wp-json\/wp\/v2\/posts"}],"about":[{"href":"https:\/\/aytoanchuelo.com\/index.php\/wp-json\/wp\/v2\/types\/post"}],"author":[{"embeddable":true,"href":"https:\/\/aytoanchuelo.com\/index.php\/wp-json\/wp\/v2\/users\/1"}],"replies":[{"embeddable":true,"href":"https:\/\/aytoanchuelo.com\/index.php\/wp-json\/wp\/v2\/comments?post=4936"}],"version-history":[{"count":1,"href":"https:\/\/aytoanchuelo.com\/index.php\/wp-json\/wp\/v2\/posts\/4936\/revisions"}],"predecessor-version":[{"id":4938,"href":"https:\/\/aytoanchuelo.com\/index.php\/wp-json\/wp\/v2\/posts\/4936\/revisions\/4938"}],"wp:featuredmedia":[{"embeddable":true,"href":"https:\/\/aytoanchuelo.com\/index.php\/wp-json\/wp\/v2\/media\/4937"}],"wp:attachment":[{"href":"https:\/\/aytoanchuelo.com\/index.php\/wp-json\/wp\/v2\/media?parent=4936"}],"wp:term":[{"taxonomy":"category","embeddable":true,"href":"https:\/\/aytoanchuelo.com\/index.php\/wp-json\/wp\/v2\/categories?post=4936"},{"taxonomy":"post_tag","embeddable":true,"href":"https:\/\/aytoanchuelo.com\/index.php\/wp-json\/wp\/v2\/tags?post=4936"}],"curies":[{"name":"wp","href":"https:\/\/api.w.org\/{rel}","templated":true}]}}