{"id":4919,"date":"2020-10-27T13:03:57","date_gmt":"2020-10-27T12:03:57","guid":{"rendered":"https:\/\/aytoanchuelo.com\/?p=4919"},"modified":"2020-10-27T13:03:59","modified_gmt":"2020-10-27T12:03:59","slug":"decreto-29-2020-de-26-de-octubre-de-la-presidenta-de-la-comunidad-de-madrid-por-el-que-se-establecen-las-medidas-de-contencion-adoptadas-para-hacer-frente-a-la-covid-19-en-aplicacion-del-real-decr","status":"publish","type":"post","link":"https:\/\/aytoanchuelo.com\/index.php\/2020\/10\/27\/decreto-29-2020-de-26-de-octubre-de-la-presidenta-de-la-comunidad-de-madrid-por-el-que-se-establecen-las-medidas-de-contencion-adoptadas-para-hacer-frente-a-la-covid-19-en-aplicacion-del-real-decr\/","title":{"rendered":"DECRETO 29\/2020, de 26 de octubre, de la Presidenta de la Comunidad de Madrid, por el que se establecen las medidas de contenci\u00f3n adoptadas para hacer frente a la COVID-19, en aplicaci\u00f3n del Real Decreto 926\/2020, de 25 de octubre, del Consejo de Ministros, por el que se declara el estado de alarma para contener la propagaci\u00f3n de infecciones causadas por el SARS-CoV-2. (BOCM 261, de 26 de octubre de 2020)"},"content":{"rendered":"\n<p><strong><em>Limitaci\u00f3n de la libertad de circulaci\u00f3n de las personas en horario nocturno<\/em><\/strong><\/p>\n\n\n\n<p>De acuerdo con lo previsto en el art\u00edculo 5.2 del Real Decreto 926\/2020, de 25 de octubre, por el que se declara el estado de alarma para contener la propagaci\u00f3n de infecciones causadas por el SARS-CoV-2, las horas de comienzo y de finalizaci\u00f3n de la limitaci\u00f3n de la libertad de circulaci\u00f3n de las personas en horario nocturno que establece dicho precepto quedan fijadas, respectivamente, a las 0:00 y las 6:00 horas.<\/p>\n\n\n\n<p><strong><em>Limitaci\u00f3n de la entrada y salida por raz\u00f3n de salud p\u00fablica en determinados n\u00facleos de poblaci\u00f3n<\/em><\/strong><\/p>\n\n\n\n<p>1. Se restringe la entrada y salida de personas de los \u00e1mbitos territoriales recogidos en el apartado primero de la Orden 1405\/2020, de 22 de octubre, de la Consejer\u00eda de Sanidad, por la que se adoptan medidas espec\u00edficas temporales y excepcionales por raz\u00f3n de salud p\u00fablica para la contenci\u00f3n del COVID-19 en determinados n\u00facleos de poblaci\u00f3n, como consecuencia de la evoluci\u00f3n epidemiol\u00f3gica, salvo para aquellos desplazamientos, adecuadamente justificados, que se produzcan por alguno de los siguientes motivos:<\/p>\n\n\n\n<p>a) Asistencia a centros, servicios y establecimientos sanitarios.<\/p>\n\n\n\n<p>b) Cumplimiento de obligaciones laborales, profesionales, empresariales, institucionales o legales.<\/p>\n\n\n\n<p>c) Asistencia a centros universitarios, docentes y educativos, incluidas las escuelas de educaci\u00f3n infantil.<\/p>\n\n\n\n<p>d) Retorno al lugar de residencia habitual o familiar.<\/p>\n\n\n\n<p>e) Asistencia y cuidado a mayores, menores, dependientes, personas con discapacidad o personas especialmente vulnerables.<\/p>\n\n\n\n<p>f) Desplazamiento a entidades financieras y de seguros o estaciones de repostaje en territorios lim\u00edtrofes.<\/p>\n\n\n\n<p>g) Actuaciones requeridas o urgentes ante los \u00f3rganos p\u00fablicos, judiciales o notariales.<\/p>\n\n\n\n<p>h) Renovaciones de permisos y documentaci\u00f3n oficial, as\u00ed como otros tr\u00e1mites &nbsp;administrativos inaplazables.<\/p>\n\n\n\n<p>i) Realizaci\u00f3n de ex\u00e1menes o pruebas oficiales inaplazables.<\/p>\n\n\n\n<p>j) Por causa de fuerza mayor o situaci\u00f3n de necesidad.<\/p>\n\n\n\n<p>k) Cualquier otra actividad de an\u00e1loga naturaleza, debidamente acreditada.<\/p>\n\n\n\n<p>2. La circulaci\u00f3n por carretera y viales que transcurran o atraviesen los \u00e1mbitos territoriales que constituyen el objeto de la citada Orden 1405\/2020, de 22 de octubre, estar\u00e1 permitida siempre y cuando tengan origen y destino fuera del mismo.<\/p>\n\n\n\n<p>Tambi\u00e9n se permitir\u00e1 la circulaci\u00f3n hacia los cementerios o lugares de enterramiento autorizados que se encuentren comprendidos en los referidos \u00e1mbitos territoriales, siempre que se respeten las medidas de protecci\u00f3n individual y colectiva establecidas por las autoridades sanitarias competentes.<\/p>\n\n\n\n<p>3. Se permite la circulaci\u00f3n de personas residentes dentro de las zonas afectadas, siempre respetando las medidas de protecci\u00f3n individual y colectiva establecidas por las autoridades sanitarias competentes, si bien se desaconseja a la poblaci\u00f3n los desplazamientos y realizaci\u00f3n de actividades no imprescindibles.<\/p>\n\n\n\n<p>4. Dentro de la zona b\u00e1sica de salud de Majadahonda (\u201cCerro del Aire\u201d) quedar\u00e1 excluida del \u00e1mbito de aplicaci\u00f3n de la Orden 1405\/2020, de 22 de octubre, de la Consejer\u00eda de Sanidad, la zona que queda al norte de la M-509 y al oeste de la M-50.<\/p>\n\n\n\n<p><strong><em>Reuniones en lugares p\u00fablicos y privados<\/em><\/strong><\/p>\n\n\n\n<p>1. La permanencia de grupos de personas en espacios de uso p\u00fablico, tanto cerrados como al aire libre, quedar\u00e1 condicionada a que no se supere el n\u00famero m\u00e1ximo de seis personas, salvo que se trate de convivientes, y sin perjuicio de las excepciones que se establezcan en relaci\u00f3n a dependencias, instalaciones y establecimientos abiertos al p\u00fablico. La permanencia de grupos de personas en espacios de uso privado quedar\u00e1 condicionada a que no se supere el n\u00famero m\u00e1ximo de seis personas, salvo que se trate de convivientes.<\/p>\n\n\n\n<p>En el caso de las agrupaciones en que se incluyan tanto personas convivientes como personas no convivientes, el n\u00famero m\u00e1ximo a que se refiere el p\u00e1rrafo anterior ser\u00e1 de seis personas.<\/p>\n\n\n\n<p>2. No estar\u00e1n incluidas en la limitaci\u00f3n prevista en este apartado las actividades laborales e institucionales, ni aquellas para las que se establezcan medidas espec\u00edficas en la Orden 668\/2020, de 19 de junio, de la Consejer\u00eda de Sanidad, por la que se establecen medidas preventivas para hacer frente a la crisis sanitaria ocasionada por el COVID-19 una vez finalizada la pr\u00f3rroga del estado de alarma establecida por el Real Decreto 555\/2020, de 5 de junio.<\/p>\n\n\n\n<p><strong><em>Limitaci\u00f3n a la permanencia de personas en lugares de culto<\/em><\/strong><\/p>\n\n\n\n<p>1. La asistencia a lugares de culto no podr\u00e1 superar el cincuenta por ciento de su aforo.<\/p>\n\n\n\n<p>El aforo m\u00e1ximo deber\u00e1 publicarse en lugar visible del espacio destinado al culto y se deber\u00e1n cumplir las medidas generales de seguridad e higiene establecidas por las autoridades sanitarias, siendo obligatorio el uso de mascarilla, salvo en los casos expresamente exceptuados en la Orden 668\/2020, de 19 de junio, de la Consejer\u00eda de Sanidad.<\/p>\n\n\n\n<p>2. La utilizaci\u00f3n del exterior de los edificios o de la v\u00eda p\u00fablica para la celebraci\u00f3n de actos de culto deber\u00e1 ser aprobada por la autoridad municipal correspondiente, y deber\u00e1n establecerse las medidas necesarias para procurar mantener la distancia de seguridad interpersonal o, en su defecto, la utilizaci\u00f3n de medidas alternativas de protecci\u00f3n f\u00edsica con uso de mascarilla.<\/p>\n\n\n\n<p>3. Sin perjuicio de las recomendaciones de cada confesi\u00f3n, en las que se tengan en cuenta las condiciones del ejercicio del culto propias de cada una de ellas, deber\u00e1n observarse las siguientes medidas:<\/p>\n\n\n\n<p>a) Uso de mascarilla en la entrada y salida del recinto y en los desplazamientos en el interior entre espacios comunes.<\/p>\n\n\n\n<p>b) Diariamente deber\u00e1n realizarse tareas de desinfecci\u00f3n de los espacios utilizados o que se vayan a utilizar y de manera regular se reiterar\u00e1 la desinfecci\u00f3n de los objetos que se tocan con mayor frecuencia.<\/p>\n\n\n\n<p>c) Se organizar\u00e1n las entradas y salidas para evitar aglomeraciones de personas en los accesos e inmediaciones de los lugares de culto.<\/p>\n\n\n\n<p>d) Se pondr\u00e1 a disposici\u00f3n del p\u00fablico dispensadores de geles hidroalcoh\u00f3licos o desinfectantes con actividad virucida debidamente autorizados y registrados en lugares accesibles y visibles y, en todo caso, en la entrada del lugar de culto, que deber\u00e1n estar siempre en condiciones de uso.<\/p>\n\n\n\n<p>e) No se permitir\u00e1 el uso de agua bendecida y las abluciones rituales deber\u00e1n realizarse en el domicilio.<\/p>\n\n\n\n<p>f) Se facilitar\u00e1 en el interior de los lugares de culto la distribuci\u00f3n de los asistentes se\u00f1alizando, si fuese necesario, los asientos o zonas utilizables en funci\u00f3n del aforo permitido en cada momento.<\/p>\n\n\n\n<p>g) En los casos en los que los asistentes se sit\u00faen directamente en el suelo y se descalcen antes de entrar en el lugar de culto, se usar\u00e1n alfombras personales y se situar\u00e1 el calzado en los lugares estipulados, embolsado y separado.<\/p>\n\n\n\n<p>h) Se limitar\u00e1 al menor tiempo posible la duraci\u00f3n de los encuentros o celebraciones.<\/p>\n\n\n\n<p>i) Durante el desarrollo de las reuniones o celebraciones se evitar\u00e1 el contacto personal, tocar o besar objetos de devoci\u00f3n u otros objetos que habitualmente se manejen.<\/p>\n\n\n\n<p>j) En el caso de actuaciones de coros durante las celebraciones, estos deber\u00e1n situarse a m\u00e1s de 4 metros de los asistentes y mantener distancias interpersonales entre los integrantes.<\/p>\n\n\n\n<p>4. En el caso de las zonas enumeradas en el art\u00edculo 2, la asistencia a lugares de culto no podr\u00e1 superar un tercio de su aforo y se deber\u00e1 garantizar en todo caso la distancia m\u00ednima interpersonal de 1,5 metros y el uso de mascarilla.<\/p>\n\n\n\n<p><strong><em>Medidas de prevenci\u00f3n y contenci\u00f3n adoptadas por la Consejer\u00eda de Sanidad<\/em><\/strong> Las medidas adoptadas previamente por la Consejer\u00eda de Sanidad en el ejercicio de sus competencias como autoridad sanitaria continuar\u00e1n vigentes y producir\u00e1n los efectos previstos en ellas, siempre que resulten compatibles con lo dispuesto en este Decreto.<\/p>\n\n\n\n<div class=\"wp-block-file\"><a href=\"https:\/\/aytoanchuelo.com\/wp-content\/uploads\/2020\/10\/BOCM-20201026-206.pdf\">BOCM-20201026-206<\/a><a href=\"https:\/\/aytoanchuelo.com\/wp-content\/uploads\/2020\/10\/BOCM-20201026-206.pdf\" class=\"wp-block-file__button\" download>Descarga<\/a><\/div>\n","protected":false},"excerpt":{"rendered":"<p>Limitaci\u00f3n de la libertad de circulaci\u00f3n de las personas en horario nocturno De acuerdo con lo previsto en el art\u00edculo 5.2 del Real Decreto 926\/2020, de 25 de octubre, por el que se declara el estado de alarma para contener la propagaci\u00f3n de infecciones causadas por el SARS-CoV-2, las horas [&hellip;]<\/p>\n","protected":false},"author":2,"featured_media":0,"comment_status":"closed","ping_status":"closed","sticky":false,"template":"","format":"standard","meta":{"_coblocks_attr":"","_coblocks_dimensions":"","_coblocks_responsive_height":"","_coblocks_accordion_ie_support":"","footnotes":""},"categories":[35,78],"tags":[],"class_list":["post-4919","post","type-post","status-publish","format-standard","hentry","category-noticias","category-salud"],"_links":{"self":[{"href":"https:\/\/aytoanchuelo.com\/index.php\/wp-json\/wp\/v2\/posts\/4919","targetHints":{"allow":["GET"]}}],"collection":[{"href":"https:\/\/aytoanchuelo.com\/index.php\/wp-json\/wp\/v2\/posts"}],"about":[{"href":"https:\/\/aytoanchuelo.com\/index.php\/wp-json\/wp\/v2\/types\/post"}],"author":[{"embeddable":true,"href":"https:\/\/aytoanchuelo.com\/index.php\/wp-json\/wp\/v2\/users\/2"}],"replies":[{"embeddable":true,"href":"https:\/\/aytoanchuelo.com\/index.php\/wp-json\/wp\/v2\/comments?post=4919"}],"version-history":[{"count":1,"href":"https:\/\/aytoanchuelo.com\/index.php\/wp-json\/wp\/v2\/posts\/4919\/revisions"}],"predecessor-version":[{"id":4921,"href":"https:\/\/aytoanchuelo.com\/index.php\/wp-json\/wp\/v2\/posts\/4919\/revisions\/4921"}],"wp:attachment":[{"href":"https:\/\/aytoanchuelo.com\/index.php\/wp-json\/wp\/v2\/media?parent=4919"}],"wp:term":[{"taxonomy":"category","embeddable":true,"href":"https:\/\/aytoanchuelo.com\/index.php\/wp-json\/wp\/v2\/categories?post=4919"},{"taxonomy":"post_tag","embeddable":true,"href":"https:\/\/aytoanchuelo.com\/index.php\/wp-json\/wp\/v2\/tags?post=4919"}],"curies":[{"name":"wp","href":"https:\/\/api.w.org\/{rel}","templated":true}]}}