{"id":4898,"date":"2020-09-15T10:28:00","date_gmt":"2020-09-15T09:28:00","guid":{"rendered":"https:\/\/aytoanchuelo.com\/?p=4898"},"modified":"2020-09-15T10:28:02","modified_gmt":"2020-09-15T09:28:02","slug":"busqueda-de-empleo-por-internet","status":"publish","type":"post","link":"https:\/\/aytoanchuelo.com\/index.php\/2020\/09\/15\/busqueda-de-empleo-por-internet\/","title":{"rendered":"B\u00daSQUEDA DE EMPLEO POR INTERNET."},"content":{"rendered":"\n<p>En estos tiempos de Pandemia que estamos viviendo en los que tenemos que recurrir a las nuevas tecnolog\u00edas, desde el Proyecto Frida: Inserci\u00f3n Laboral para Mujeres con Discapacidad, ofrecen un taller, donde dar\u00e1n las pautas y trucos para realizar la b\u00fasqueda de empleo a trav\u00e9s de Internet.<\/p>\n\n\n\n<p>El Taller ser\u00e1 el mi\u00e9rcoles 7 de octubre de 10:00 a 13:00 h.<\/p>\n\n\n\n<p>Si estas interesada y tienes Certificado de Discapacidad solo tienes que inscribirte a trav\u00e9s de los siguientes tel\u00e9fonos:<\/p>\n\n\n\n<p style=\"font-size:28px\" class=\"has-text-align-center\"><strong>918868953 y 647352772<\/strong><\/p>\n\n\n\n<figure class=\"wp-block-image size-large\"><img loading=\"lazy\" decoding=\"async\" width=\"1024\" height=\"727\" src=\"https:\/\/aytoanchuelo.com\/wp-content\/uploads\/2020\/09\/Taller-Empleo-Torres-de-la-Alameda-7-OCTUBRE-1024x727.png\" alt=\"\" class=\"wp-image-4899\" srcset=\"https:\/\/aytoanchuelo.com\/wp-content\/uploads\/2020\/09\/Taller-Empleo-Torres-de-la-Alameda-7-OCTUBRE-1024x727.png 1024w, https:\/\/aytoanchuelo.com\/wp-content\/uploads\/2020\/09\/Taller-Empleo-Torres-de-la-Alameda-7-OCTUBRE-300x213.png 300w, https:\/\/aytoanchuelo.com\/wp-content\/uploads\/2020\/09\/Taller-Empleo-Torres-de-la-Alameda-7-OCTUBRE-768x545.png 768w, https:\/\/aytoanchuelo.com\/wp-content\/uploads\/2020\/09\/Taller-Empleo-Torres-de-la-Alameda-7-OCTUBRE-1536x1090.png 1536w, https:\/\/aytoanchuelo.com\/wp-content\/uploads\/2020\/09\/Taller-Empleo-Torres-de-la-Alameda-7-OCTUBRE.png 1747w\" sizes=\"auto, (max-width: 1024px) 100vw, 1024px\" \/><\/figure>\n","protected":false},"excerpt":{"rendered":"<p>En estos tiempos de Pandemia que estamos viviendo en los que tenemos que recurrir a las nuevas tecnolog\u00edas, desde el Proyecto Frida: Inserci\u00f3n Laboral para Mujeres con Discapacidad, ofrecen un taller, donde dar\u00e1n las pautas y trucos para realizar la b\u00fasqueda de empleo a trav\u00e9s de Internet. El Taller ser\u00e1 [&hellip;]<\/p>\n","protected":false},"author":2,"featured_media":0,"comment_status":"closed","ping_status":"closed","sticky":false,"template":"","format":"standard","meta":{"_coblocks_attr":"","_coblocks_dimensions":"","_coblocks_responsive_height":"","_coblocks_accordion_ie_support":"","footnotes":""},"categories":[35,1],"tags":[],"class_list":["post-4898","post","type-post","status-publish","format-standard","hentry","category-noticias","category-uncategorized"],"_links":{"self":[{"href":"https:\/\/aytoanchuelo.com\/index.php\/wp-json\/wp\/v2\/posts\/4898","targetHints":{"allow":["GET"]}}],"collection":[{"href":"https:\/\/aytoanchuelo.com\/index.php\/wp-json\/wp\/v2\/posts"}],"about":[{"href":"https:\/\/aytoanchuelo.com\/index.php\/wp-json\/wp\/v2\/types\/post"}],"author":[{"embeddable":true,"href":"https:\/\/aytoanchuelo.com\/index.php\/wp-json\/wp\/v2\/users\/2"}],"replies":[{"embeddable":true,"href":"https:\/\/aytoanchuelo.com\/index.php\/wp-json\/wp\/v2\/comments?post=4898"}],"version-history":[{"count":1,"href":"https:\/\/aytoanchuelo.com\/index.php\/wp-json\/wp\/v2\/posts\/4898\/revisions"}],"predecessor-version":[{"id":4900,"href":"https:\/\/aytoanchuelo.com\/index.php\/wp-json\/wp\/v2\/posts\/4898\/revisions\/4900"}],"wp:attachment":[{"href":"https:\/\/aytoanchuelo.com\/index.php\/wp-json\/wp\/v2\/media?parent=4898"}],"wp:term":[{"taxonomy":"category","embeddable":true,"href":"https:\/\/aytoanchuelo.com\/index.php\/wp-json\/wp\/v2\/categories?post=4898"},{"taxonomy":"post_tag","embeddable":true,"href":"https:\/\/aytoanchuelo.com\/index.php\/wp-json\/wp\/v2\/tags?post=4898"}],"curies":[{"name":"wp","href":"https:\/\/api.w.org\/{rel}","templated":true}]}}