{"id":4857,"date":"2020-08-14T12:55:04","date_gmt":"2020-08-14T11:55:04","guid":{"rendered":"https:\/\/aytoanchuelo.com\/?p=4857"},"modified":"2020-08-14T12:55:06","modified_gmt":"2020-08-14T11:55:06","slug":"campana-protegete-protegenos","status":"publish","type":"post","link":"https:\/\/aytoanchuelo.com\/index.php\/2020\/08\/14\/campana-protegete-protegenos\/","title":{"rendered":"Campa\u00f1a \u201cProt\u00e9gete, prot\u00e9genos\u201d."},"content":{"rendered":"\n<p>Con el fin de sensibilizar a todos, y en especial a los j\u00f3venes, de la importancia de utilizar mascarilla como medida de prevenci\u00f3n frente a la COVID-19, la Comunidad de Madrid, a trav\u00e9s de la Direcci\u00f3n General de Juventud ha lanzado <strong>una campa\u00f1a de tres v\u00eddeos \u201cProt\u00e9gete, prot\u00e9genos\u201d.<\/strong><\/p>\n\n\n\n<p>Debemos protegernos todos, el no llevar mascarilla e incumplir con las dem\u00e1s obligaciones y recomendaciones de protecci\u00f3n, estamos poniendo en riesgo nuestra vida y la de nuestros seres queridos. <\/p>\n\n\n\n<p>Os animamos a ver y a difundir los v\u00eddeos que pod\u00e9is encontrar en los siguientes enlaces:<\/p>\n\n\n\n<p>V\u00eddeo 1: Hay cosas que dan m\u00e1s calor que una mascarilla &#8211; <a href=\"https:\/\/youtu.be\/j7dxJfrT-cs\">https:\/\/youtu.be\/j7dxJfrT-cs<\/a><\/p>\n\n\n\n<p>V\u00eddeo 2: Por ti, por todos &#8211; <a href=\"https:\/\/youtu.be\/7QgWrpVv8y4\">https:\/\/youtu.be\/7QgWrpVv8y4<\/a><\/p>\n\n\n\n<p>V\u00eddeo 3: Los j\u00f3venes tienen que ser solidarios y dar ejemplo &#8211; <a href=\"https:\/\/youtu.be\/dw6Qv7DhTE0\">https:\/\/youtu.be\/dw6Qv7DhTE0<\/a><\/p>\n","protected":false},"excerpt":{"rendered":"<p>Con el fin de sensibilizar a todos, y en especial a los j\u00f3venes, de la importancia de utilizar mascarilla como medida de prevenci\u00f3n frente a la COVID-19, la Comunidad de Madrid, a trav\u00e9s de la Direcci\u00f3n General de Juventud ha lanzado una campa\u00f1a de tres v\u00eddeos \u201cProt\u00e9gete, prot\u00e9genos\u201d. Debemos protegernos [&hellip;]<\/p>\n","protected":false},"author":2,"featured_media":4773,"comment_status":"closed","ping_status":"closed","sticky":false,"template":"","format":"standard","meta":{"_coblocks_attr":"","_coblocks_dimensions":"","_coblocks_responsive_height":"","_coblocks_accordion_ie_support":"","footnotes":""},"categories":[35,78],"tags":[],"class_list":["post-4857","post","type-post","status-publish","format-standard","has-post-thumbnail","hentry","category-noticias","category-salud"],"_links":{"self":[{"href":"https:\/\/aytoanchuelo.com\/index.php\/wp-json\/wp\/v2\/posts\/4857","targetHints":{"allow":["GET"]}}],"collection":[{"href":"https:\/\/aytoanchuelo.com\/index.php\/wp-json\/wp\/v2\/posts"}],"about":[{"href":"https:\/\/aytoanchuelo.com\/index.php\/wp-json\/wp\/v2\/types\/post"}],"author":[{"embeddable":true,"href":"https:\/\/aytoanchuelo.com\/index.php\/wp-json\/wp\/v2\/users\/2"}],"replies":[{"embeddable":true,"href":"https:\/\/aytoanchuelo.com\/index.php\/wp-json\/wp\/v2\/comments?post=4857"}],"version-history":[{"count":2,"href":"https:\/\/aytoanchuelo.com\/index.php\/wp-json\/wp\/v2\/posts\/4857\/revisions"}],"predecessor-version":[{"id":4859,"href":"https:\/\/aytoanchuelo.com\/index.php\/wp-json\/wp\/v2\/posts\/4857\/revisions\/4859"}],"wp:featuredmedia":[{"embeddable":true,"href":"https:\/\/aytoanchuelo.com\/index.php\/wp-json\/wp\/v2\/media\/4773"}],"wp:attachment":[{"href":"https:\/\/aytoanchuelo.com\/index.php\/wp-json\/wp\/v2\/media?parent=4857"}],"wp:term":[{"taxonomy":"category","embeddable":true,"href":"https:\/\/aytoanchuelo.com\/index.php\/wp-json\/wp\/v2\/categories?post=4857"},{"taxonomy":"post_tag","embeddable":true,"href":"https:\/\/aytoanchuelo.com\/index.php\/wp-json\/wp\/v2\/tags?post=4857"}],"curies":[{"name":"wp","href":"https:\/\/api.w.org\/{rel}","templated":true}]}}