{"id":4848,"date":"2020-07-29T12:08:36","date_gmt":"2020-07-29T11:08:36","guid":{"rendered":"https:\/\/aytoanchuelo.com\/?p=4848"},"modified":"2020-07-30T09:27:18","modified_gmt":"2020-07-30T08:27:18","slug":"orden-920-2020-de-28-de-julio-de-la-consejeria-de-sanidad-bocm-no-182-de-fecha-28-de-julio-de-2020","status":"publish","type":"post","link":"https:\/\/aytoanchuelo.com\/index.php\/2020\/07\/29\/orden-920-2020-de-28-de-julio-de-la-consejeria-de-sanidad-bocm-no-182-de-fecha-28-de-julio-de-2020\/","title":{"rendered":"ORDEN 920\/2020, de 28 de julio, de la Consejer\u00eda de Sanidad, (BOCM N\u00ba 182, de fecha 28 de julio de 2020)"},"content":{"rendered":"\n<p><strong>MASCARILLAS<\/strong><\/p>\n\n\n\n<ul class=\"wp-block-list\"><li>Uso <strong>obligatorio<\/strong><strong> a partir de los seis a\u00f1os<\/strong> en adelante en los siguientes supuestos:<\/li><\/ul>\n\n\n\n<ul class=\"wp-block-list\"><li>En la <strong>v\u00eda p\u00fablica<\/strong>, en espacios al aire libre y en cualquier espacio cerrado de uso p\u00fablico con independencia de que se pueda mantener la distancia de seguridad.<\/li><\/ul>\n\n\n\n<ul class=\"wp-block-list\"><li>En los <strong>medios de transporte (avi\u00f3n autob\u00fas y tren)<\/strong>, as\u00ed como en los transportes p\u00fablicos y privados de veh\u00edculos de hasta nueve plazas, incluido el conductor, si los ocupantes de los veh\u00edculos no conviven en el mismo domicilio.<\/li><\/ul>\n\n\n\n<ul class=\"wp-block-list\"><li>La obligaci\u00f3n de uso de mascarilla <strong><u>no ser\u00e1 exigible<\/u> en los siguientes casos<\/strong>:<\/li><\/ul>\n\n\n\n<ul class=\"wp-block-list\"><li><em>En el momento de <strong>realizar actividad deportiva al aire libre<\/strong> siempre que se garantice mantener la distancia de seguridad con otras personas no convivientes.<\/em><\/li><\/ul>\n\n\n\n<ul class=\"wp-block-list\"><li><em>Durante el <strong>consumo de bebidas y alimentos<\/strong>.<\/em><\/li><\/ul>\n\n\n\n<ul class=\"wp-block-list\"><li><em>En los <strong>espacios de la naturaleza o al aire libre<\/strong> fuera de n\u00facleos de poblaci\u00f3n, cuando la afluencia de las personas permita mantener la distancia de seguridad.<\/em><\/li><\/ul>\n\n\n\n<ul class=\"wp-block-list\"><li><em>En las <strong>piscinas durante el ba\u00f1o y mientras se permanezca en un espacio determinado<\/strong>, sin desplazarse, y siempre que se pueda garantizar la distancia de seguridad entre personas no convivientes. S\u00ed ser\u00e1 obligatoria la mascarilla en los accesos, desplazamientos y paseos en estas instalaciones de las piscinas.<\/em><\/li><\/ul>\n\n\n\n<ul class=\"wp-block-list\"><li><em>En los <strong>centros de trabajo exclusivamente cuando los trabajadores permanezcan sentados en su puesto de trabajo<\/strong> siempre que se garantice la distancia de seguridad con otros trabajadores y\/o usuarios de las instalaciones.<\/em><\/li><\/ul>\n\n\n\n<ul class=\"is-style-checkbox wp-block-list\"><li>Se <strong><u>recomienda<\/u><\/strong>, como <strong><u>medida de precauci\u00f3n<\/u><\/strong>, <strong>la utilizaci\u00f3n de mascarilla en los espacios privados<\/strong>, tanto abiertos como cerrados, cuando existan reuniones o una posible confluencia de personas no convivientes, aun cuando pueda garantizarse la distancia de seguridad.<\/li><\/ul>\n\n\n\n<ul class=\"is-style-checkbox wp-block-list\"><li><strong><u>Se recomienda<\/u><\/strong>, como medida de precauci\u00f3n, que toda clase de agrupaciones o reuniones de personas no convivientes que se desarrollen en espacios privados <strong>se limite a un m\u00e1ximo de diez personas<\/strong>, aun cuando pueda garantizarse la distancia de seguridad.<\/li><\/ul>\n\n\n\n<ul class=\"wp-block-list\"><li>Las <strong>personas fumadoras<\/strong> deber\u00e1n respetar la distancia de seguridad interpersonal m\u00ednima de, al menos, 1,5 metros, durante el acto de fumar.<\/li><\/ul>\n\n\n\n<ul class=\"wp-block-list\"><li><strong>No se permite el uso compartido de dispositivos de inhalaci\u00f3n de tabaco<\/strong>, pipas de agua, cachimbas\u2026 tanto en el exterior como en el interior de cualquier tipo de establecimiento abierto al p\u00fablico.<\/li><\/ul>\n\n\n\n<ul class=\"wp-block-list\"><li>Se recomienda, como <strong>medida de precauci\u00f3n<\/strong>, no realizar un uso compartido de <strong>vasos, copas, platos y cubiertos<\/strong>.<\/li><\/ul>\n\n\n\n<p><strong><br>MERCADILLOS<\/strong><\/p>\n\n\n\n<ul class=\"wp-block-list\"><li>Los <strong>mercadillos<\/strong> limitar\u00e1n la <strong>afluencia de clientes a un m\u00e1ximo del 75%<\/strong> del aforo permitido, debiendo adoptarse las medidas oportunas para evitar aglomeraciones y para asegurar la distancia de seguridad interpersonal de 1,5 metros o, en su defecto, el uso de medidas alternativas de protecci\u00f3n f\u00edsica.<\/li><\/ul>\n\n\n\n<ul class=\"wp-block-list\"><li>Para asegurar en todo momento la distancia de seguridad interpersonal, los <strong>Ayuntamientos<\/strong> podr\u00e1n <strong>aumentar la superficie destinada al mercadillo<\/strong>, trasladar su ubicaci\u00f3n, habilitar nuevos d\u00edas para el ejercicio de la actividad, ampliar horarios o adoptar cualesquiera otras medidas de efecto equivalente.<\/li><\/ul>\n\n\n\n<ul class=\"wp-block-list\"><li>Los espacios en los que se celebren los mercadillos deber\u00e1n estar <strong>delimitados mediante vallado o cualquier otro medio que permita su delimitaci\u00f3n<\/strong>. La distancia entre puestos deber\u00e1 garantizar que se eviten aglomeraciones en el recorrido y que se respete la distancia de seguridad entre los consumidores, distancia que deber\u00e1 cumplirse entre los vendedores dentro de cada puesto.<\/li><\/ul>\n\n\n\n<ul class=\"wp-block-list\"><li>Deber\u00e1 se\u00f1alarse de forma clara la distancia de seguridad interpersonal entre clien\u00adtes, con <strong>marcas en el suelo o mediante el uso de balizas<\/strong>, carteler\u00eda y se\u00f1alizaci\u00f3n para los casos en los que sea posible la atenci\u00f3n individualizada de m\u00e1s de un cliente al mismo tiempo.<\/li><li>Los <strong>Ayuntamientos<\/strong> podr\u00e1n <strong>autorizar la reanudaci\u00f3n de la actividad<\/strong> de comercio ambulante en la modalidad de puesto aislado en v\u00eda p\u00fablica (puestos de temporada), en los que se deber\u00e1n cumplir las medidas de distancia de seguridad interpersonal y la protecci\u00f3n de trabajadores y clientes.<\/li><\/ul>\n\n\n\n<ul class=\"wp-block-list\"><li>Los Ayuntamientos deber\u00e1n comunicar a la <strong>DG de Comercio y Consumo las modificaciones realizadas<\/strong> para adaptar el funcionamiento de los mercadillos.<\/li><\/ul>\n\n\n\n<p><strong>HOSTELER\u00cdA<\/strong><\/p>\n\n\n\n<ul class=\"wp-block-list\"><li>Los establecimientos de hosteler\u00eda y restauraci\u00f3n <strong>no podr\u00e1n superar el 75%<\/strong> <strong>de<\/strong> <strong>su aforo para consumo en el interior del local<\/strong>.<\/li><\/ul>\n\n\n\n<ul class=\"wp-block-list\"><li>El consumo <strong>dentro del local podr\u00e1 realizarse en barra o sentado en mesa<\/strong>, debiendo asegurarse el mantenimiento de la debida distancia de seguridad entre clientes.<\/li><\/ul>\n\n\n\n<ul class=\"wp-block-list\"><li>La ocupaci\u00f3n m\u00e1xima por mesa o agrupaci\u00f3n de mesas ser\u00e1 de <strong>10 personas<\/strong>.<\/li><\/ul>\n\n\n\n<ul class=\"wp-block-list\"><li>Estos espacios <strong>deber\u00e1n cesar su actividad, como m\u00e1ximo, a la 01:30h.<\/strong>, tanto en el interior como en las terrazas al aire libre, <strong>no pudiendo en ning\u00fan caso admitir nuevos clientes a partir de la 01:00h.<\/strong>, rigiendo el horario de cierre que tuvieran autorizado por los \u00f3rganos competentes si \u00e9ste fuera anterior a dicha hora.<\/li><\/ul>\n\n\n\n<ul class=\"wp-block-list\"><li>Los <strong>salones de banquetes<\/strong> deber\u00e1n llevar un registro en el que se recoja la fecha y los datos de contacto de sus clientes para facilitar su localizaci\u00f3n por la autoridad sanitaria para posibilitar el seguimiento y localizaci\u00f3n de posibles casos.<\/li><\/ul>\n\n\n\n<ul class=\"wp-block-list\"><li>La <strong>recogida de tales datos requerir\u00e1 el consentimiento del interesado<\/strong>, sin perjuicio de condicionar el derecho de admisi\u00f3n por razones de salud p\u00fablica en caso de no poder contar con el mismo.<\/li><\/ul>\n\n\n\n<ul class=\"wp-block-list\"><li>Dichos datos <strong>se deber\u00e1n conservar durante el plazo de veintiocho d\u00edas<\/strong> naturales con las debidas garant\u00edas de protecci\u00f3n de datos y estar\u00e1n a disposici\u00f3n, exclusivamente, de las <strong>autoridades sanitarias<\/strong> y con la \u00fanica <strong>finalidad de<\/strong> <strong>realizar el seguimiento de posibles contactos de Covid-19<\/strong>.<\/li><\/ul>\n\n\n\n<ul class=\"wp-block-list\"><li>El <strong>porcentaje de aforo permitido en las terrazas al aire libre de los establecimientos de hosteler\u00eda y restauraci\u00f3n ser\u00e1 del cien por cien de las mesas. <\/strong>Si bien <strong>deber\u00e1 garantizarse el mantenimiento de la debida distancia de seguridad interpersonal de, al menos, 1,5 metros<\/strong> entre clientes. Y la ocupaci\u00f3n m\u00e1xima por mesa o agrupaci\u00f3n de mesas <strong>ser\u00e1 de diez personas<\/strong>.<\/li><\/ul>\n\n\n\n<p><strong>DISCOTECAS Y OCIO NOCTURNO<\/strong><\/p>\n\n\n\n<ul class=\"wp-block-list\"><li>El consumo <strong>dentro del local podr\u00e1 realizarse en barra y en mesa<\/strong>, debiendo asegurarse el mantenimiento de la debida distancia de seguridad interpersonal. La ocupaci\u00f3n m\u00e1xima por mesa o agrupaci\u00f3n de mesas ser\u00e1 <strong>de diez personas<\/strong>.<\/li><\/ul>\n\n\n\n<ul class=\"wp-block-list\"><li>El espacio destinado a <strong>pista de baile o similar no podr\u00e1 ser utilizado<\/strong> para su uso habitual, <strong>si bien podr\u00e1 ser habilitado para instalar mesas<\/strong>.<\/li><\/ul>\n\n\n\n<ul class=\"wp-block-list\"><li>El horario de estos establecimientos ser\u00e1 hasta la <strong>01:30h.<\/strong>, en el interior y en terrazas al aire libre, no pudiendo admitir <strong>nuevos clientes a partir de la 01:00h<\/strong>.<\/li><\/ul>\n\n\n\n<ul class=\"wp-block-list\"><li><strong>Discotecas y salas de baile limitar\u00e1n su aforo al 40%<\/strong> del establecido seg\u00fan el c\u00e1lculo fijado por el C\u00f3digo T\u00e9cnico de la Edificaci\u00f3n-Documento B\u00e1sico SI3.<\/li><\/ul>\n\n\n\n<ul class=\"wp-block-list\"><li>El <strong>aforo permitido en las terrazas al aire libre <\/strong>de estos establecimientos ser\u00e1 del <strong>100&#215;100<\/strong>. En todo caso deber\u00e1 garantizarse la debida distancia de seguridad. Y la ocupaci\u00f3n m\u00e1xima por mesa o agrupaci\u00f3n de mesas ser\u00e1 de <strong>10 personas<\/strong>.<\/li><\/ul>\n\n\n\n<ul class=\"wp-block-list\"><li>Estos establecimientos deber\u00e1n llevar un<strong> registro de las personas<\/strong> que accedan a los mismos, en el que se recoja la<strong> fecha y hora, nombre y apellidos y un n\u00famero de tel\u00e9fono de cada persona<\/strong> que accede al local para facilitar su localizaci\u00f3n por las autoridades sanitarias en caso de que sea necesario.<\/li><li>Como en el caso de la hosteler\u00eda, la recogida de estos datos requerir\u00e1 el <strong>consentimiento del interesado<\/strong>; se deber\u00e1n conservar durante veintiocho d\u00edas naturales; y solo estar\u00e1n a disposici\u00f3n de las autoridades sanitarias.<\/li><\/ul>\n\n\n\n<ul class=\"wp-block-list\"><li><strong>Sin perjuicio de las facultades de los respectivos Ayuntamientos<\/strong> para reducir o ampliar el correspondiente horario de actividad, desde la fecha de entrada en vigor de esta Orden hasta el 15 de octubre de 2020, ambas fechas inclusive, <strong>el horario general m\u00e1ximo de apertura y cierre de las terrazas<\/strong> ser\u00e1 el siguiente: <strong>apertura 08:00 horas\/cierre 01:30 horas<\/strong>.<\/li><\/ul>\n\n\n\n<p><strong>ACTIVIDAD DOCENTE EN CENTROS SANITARIOS<\/strong><\/p>\n\n\n\n<ul class=\"wp-block-list\"><li>El inicio de las pr\u00e1cticas cl\u00ednicas y actividades docentes de estudiantes de grado en Ciencias de la Salud u otras titulaciones y ciclos formativos <strong>se reiniciar\u00e1n el 1 de septiembre de 2020<\/strong> si la situaci\u00f3n epidemiol\u00f3gica en los centros lo permite.<\/li><\/ul>\n\n\n\n<p>Para ver completo el contenido de dicho Bolet\u00edn deben pinchar en el enlace que se indica a continuaci\u00f3n:<\/p>\n\n\n\n<p><a href=\"http:\/\/www.bocm.es\/boletin-completo\/bocm-20200729\/182\/i.-comunidad-de-madrid\/a%29-disposiciones-generales\/consejer%C3%ADa-de-sanidad\">http:\/\/www.bocm.es\/boletin-completo\/bocm-20200729\/182\/i.-comunidad-de-madrid\/a%29-disposiciones-generales\/consejer%C3%ADa-de-sanidad<\/a><\/p>\n","protected":false},"excerpt":{"rendered":"<p>MASCARILLAS Uso obligatorio a partir de los seis a\u00f1os en adelante en los siguientes supuestos: En la v\u00eda p\u00fablica, en espacios al aire libre y en cualquier espacio cerrado de uso p\u00fablico con independencia de que se pueda mantener la distancia de seguridad. En los medios de transporte (avi\u00f3n autob\u00fas [&hellip;]<\/p>\n","protected":false},"author":2,"featured_media":4773,"comment_status":"closed","ping_status":"closed","sticky":false,"template":"","format":"standard","meta":{"_coblocks_attr":"","_coblocks_dimensions":"","_coblocks_responsive_height":"","_coblocks_accordion_ie_support":"","footnotes":""},"categories":[35,78],"tags":[],"class_list":["post-4848","post","type-post","status-publish","format-standard","has-post-thumbnail","hentry","category-noticias","category-salud"],"_links":{"self":[{"href":"https:\/\/aytoanchuelo.com\/index.php\/wp-json\/wp\/v2\/posts\/4848","targetHints":{"allow":["GET"]}}],"collection":[{"href":"https:\/\/aytoanchuelo.com\/index.php\/wp-json\/wp\/v2\/posts"}],"about":[{"href":"https:\/\/aytoanchuelo.com\/index.php\/wp-json\/wp\/v2\/types\/post"}],"author":[{"embeddable":true,"href":"https:\/\/aytoanchuelo.com\/index.php\/wp-json\/wp\/v2\/users\/2"}],"replies":[{"embeddable":true,"href":"https:\/\/aytoanchuelo.com\/index.php\/wp-json\/wp\/v2\/comments?post=4848"}],"version-history":[{"count":3,"href":"https:\/\/aytoanchuelo.com\/index.php\/wp-json\/wp\/v2\/posts\/4848\/revisions"}],"predecessor-version":[{"id":4854,"href":"https:\/\/aytoanchuelo.com\/index.php\/wp-json\/wp\/v2\/posts\/4848\/revisions\/4854"}],"wp:featuredmedia":[{"embeddable":true,"href":"https:\/\/aytoanchuelo.com\/index.php\/wp-json\/wp\/v2\/media\/4773"}],"wp:attachment":[{"href":"https:\/\/aytoanchuelo.com\/index.php\/wp-json\/wp\/v2\/media?parent=4848"}],"wp:term":[{"taxonomy":"category","embeddable":true,"href":"https:\/\/aytoanchuelo.com\/index.php\/wp-json\/wp\/v2\/categories?post=4848"},{"taxonomy":"post_tag","embeddable":true,"href":"https:\/\/aytoanchuelo.com\/index.php\/wp-json\/wp\/v2\/tags?post=4848"}],"curies":[{"name":"wp","href":"https:\/\/api.w.org\/{rel}","templated":true}]}}