{"id":4794,"date":"2020-06-05T10:01:12","date_gmt":"2020-06-05T09:01:12","guid":{"rendered":"https:\/\/aytoanchuelo.com\/?p=4794"},"modified":"2020-06-05T10:02:16","modified_gmt":"2020-06-05T09:02:16","slug":"minuto-de-silencio-a-las-1200-de-hoy-viernes-5-de-junio-en-memoria-de-las-victimas-del-covid-19","status":"publish","type":"post","link":"https:\/\/aytoanchuelo.com\/index.php\/2020\/06\/05\/minuto-de-silencio-a-las-1200-de-hoy-viernes-5-de-junio-en-memoria-de-las-victimas-del-covid-19\/","title":{"rendered":"Minuto de silencio, a las 12:00h de hoy viernes 5 de junio, en memoria de las v\u00edctimas del COVID-19."},"content":{"rendered":"\n<p>Con motivo de la finalizaci\u00f3n en la medianoche de hoy de los diez d\u00edas de luto oficial convocados en memoria de las v\u00edctimas del COVID-19, hoy d\u00eda 5 de junio se guardar\u00e1 un minuto de silencio a las 12 horas, en recuerdo de los fallecidos.<\/p>\n","protected":false},"excerpt":{"rendered":"<p>Con motivo de la finalizaci\u00f3n en la medianoche de hoy de los diez d\u00edas de luto oficial convocados en memoria de las v\u00edctimas del COVID-19, hoy d\u00eda 5 de junio se guardar\u00e1 un minuto de silencio a las 12 horas, en recuerdo de los fallecidos.<\/p>\n","protected":false},"author":2,"featured_media":0,"comment_status":"closed","ping_status":"closed","sticky":false,"template":"","format":"standard","meta":{"_coblocks_attr":"","_coblocks_dimensions":"","_coblocks_responsive_height":"","_coblocks_accordion_ie_support":"","footnotes":""},"categories":[35],"tags":[],"class_list":["post-4794","post","type-post","status-publish","format-standard","hentry","category-noticias"],"_links":{"self":[{"href":"https:\/\/aytoanchuelo.com\/index.php\/wp-json\/wp\/v2\/posts\/4794","targetHints":{"allow":["GET"]}}],"collection":[{"href":"https:\/\/aytoanchuelo.com\/index.php\/wp-json\/wp\/v2\/posts"}],"about":[{"href":"https:\/\/aytoanchuelo.com\/index.php\/wp-json\/wp\/v2\/types\/post"}],"author":[{"embeddable":true,"href":"https:\/\/aytoanchuelo.com\/index.php\/wp-json\/wp\/v2\/users\/2"}],"replies":[{"embeddable":true,"href":"https:\/\/aytoanchuelo.com\/index.php\/wp-json\/wp\/v2\/comments?post=4794"}],"version-history":[{"count":3,"href":"https:\/\/aytoanchuelo.com\/index.php\/wp-json\/wp\/v2\/posts\/4794\/revisions"}],"predecessor-version":[{"id":4797,"href":"https:\/\/aytoanchuelo.com\/index.php\/wp-json\/wp\/v2\/posts\/4794\/revisions\/4797"}],"wp:attachment":[{"href":"https:\/\/aytoanchuelo.com\/index.php\/wp-json\/wp\/v2\/media?parent=4794"}],"wp:term":[{"taxonomy":"category","embeddable":true,"href":"https:\/\/aytoanchuelo.com\/index.php\/wp-json\/wp\/v2\/categories?post=4794"},{"taxonomy":"post_tag","embeddable":true,"href":"https:\/\/aytoanchuelo.com\/index.php\/wp-json\/wp\/v2\/tags?post=4794"}],"curies":[{"name":"wp","href":"https:\/\/api.w.org\/{rel}","templated":true}]}}