{"id":4771,"date":"2020-05-20T12:04:51","date_gmt":"2020-05-20T11:04:51","guid":{"rendered":"https:\/\/aytoanchuelo.com\/?p=4771"},"modified":"2020-05-20T12:05:59","modified_gmt":"2020-05-20T11:05:59","slug":"uso-obligatorio-de-mascarillas-durante-la-situacion-de-crisis-sanitaria-por-el-covid-19","status":"publish","type":"post","link":"https:\/\/aytoanchuelo.com\/index.php\/2020\/05\/20\/uso-obligatorio-de-mascarillas-durante-la-situacion-de-crisis-sanitaria-por-el-covid-19\/","title":{"rendered":"Uso obligatorio de mascarillas durante la situaci\u00f3n de crisis sanitaria por el COVID-19."},"content":{"rendered":"\n<p>Se ha publicado en el d\u00eda de hoy, 20 de mayo de 2020, en el Bolet\u00edn Oficial del Estado, la&nbsp;<a href=\"http:\/\/www.famcp.es\/wp-content\/uploads\/BOE-A-2020-5142-1.pdf\">Orden SND\/422\/2020, de 19 de mayo, por la que se regulan las condiciones para el uso obligatorio de mascarilla durante la situaci\u00f3n de crisis sanitaria ocasionada por el COVID-19.<\/a> (pinchando en el texto de color azul pueden acceder al contenido de la misma). <\/p>\n\n\n\n<p>Dispone el art\u00edculo 2 de esta Orden que est\u00e1n obligadas al&nbsp; uso de mascarillas las personas de seis a\u00f1os en adelante. Esta obligaci\u00f3n&nbsp;no ser\u00e1 exigible en los siguientes supuestos: <br>a) Personas que presenten alg\u00fan tipo de dificultad respiratoria que pueda verse agravada por el uso de mascarilla.<br>b) Personas en las que el uso de mascarilla resulte contraindicado por motivos de salud debidamente justificados, o que por su situaci\u00f3n de discapacidad o dependencia presenten alteraciones de conducta que hagan inviable su utilizaci\u00f3n.<br>c) Desarrollo de actividades en las que, por la propia naturaleza de estas, resulte incompatible el uso de la mascarilla.<br>d) Causa de fuerza mayor o situaci\u00f3n de necesidad.<\/p>\n\n\n\n<p>Dispone tambi\u00e9n en el  art\u00edculo 3 los espacios en los que resulta obligatorio el uso de mascarilla.<br>El uso de mascarilla ser\u00e1 obligatorio en la v\u00eda p\u00fablica, en espacios al aire libre y en cualquier espacio cerrado de uso p\u00fablico o que se encuentre abierto al p\u00fablico, siempre que no sea posible mantener una distancia de seguridad interpersonal de al menos dos metros.<\/p>\n\n\n\n<p><\/p>\n","protected":false},"excerpt":{"rendered":"<p>Se ha publicado en el d\u00eda de hoy, 20 de mayo de 2020, en el Bolet\u00edn Oficial del Estado, la&nbsp;Orden SND\/422\/2020, de 19 de mayo, por la que se regulan las condiciones para el uso obligatorio de mascarilla durante la situaci\u00f3n de crisis sanitaria ocasionada por el COVID-19. (pinchando en [&hellip;]<\/p>\n","protected":false},"author":2,"featured_media":4773,"comment_status":"closed","ping_status":"closed","sticky":false,"template":"","format":"standard","meta":{"_coblocks_attr":"","_coblocks_dimensions":"","_coblocks_responsive_height":"","_coblocks_accordion_ie_support":"","footnotes":""},"categories":[35,78,1],"tags":[],"class_list":["post-4771","post","type-post","status-publish","format-standard","has-post-thumbnail","hentry","category-noticias","category-salud","category-uncategorized"],"_links":{"self":[{"href":"https:\/\/aytoanchuelo.com\/index.php\/wp-json\/wp\/v2\/posts\/4771","targetHints":{"allow":["GET"]}}],"collection":[{"href":"https:\/\/aytoanchuelo.com\/index.php\/wp-json\/wp\/v2\/posts"}],"about":[{"href":"https:\/\/aytoanchuelo.com\/index.php\/wp-json\/wp\/v2\/types\/post"}],"author":[{"embeddable":true,"href":"https:\/\/aytoanchuelo.com\/index.php\/wp-json\/wp\/v2\/users\/2"}],"replies":[{"embeddable":true,"href":"https:\/\/aytoanchuelo.com\/index.php\/wp-json\/wp\/v2\/comments?post=4771"}],"version-history":[{"count":8,"href":"https:\/\/aytoanchuelo.com\/index.php\/wp-json\/wp\/v2\/posts\/4771\/revisions"}],"predecessor-version":[{"id":4780,"href":"https:\/\/aytoanchuelo.com\/index.php\/wp-json\/wp\/v2\/posts\/4771\/revisions\/4780"}],"wp:featuredmedia":[{"embeddable":true,"href":"https:\/\/aytoanchuelo.com\/index.php\/wp-json\/wp\/v2\/media\/4773"}],"wp:attachment":[{"href":"https:\/\/aytoanchuelo.com\/index.php\/wp-json\/wp\/v2\/media?parent=4771"}],"wp:term":[{"taxonomy":"category","embeddable":true,"href":"https:\/\/aytoanchuelo.com\/index.php\/wp-json\/wp\/v2\/categories?post=4771"},{"taxonomy":"post_tag","embeddable":true,"href":"https:\/\/aytoanchuelo.com\/index.php\/wp-json\/wp\/v2\/tags?post=4771"}],"curies":[{"name":"wp","href":"https:\/\/api.w.org\/{rel}","templated":true}]}}