{"id":4753,"date":"2020-04-27T19:42:24","date_gmt":"2020-04-27T18:42:24","guid":{"rendered":"https:\/\/aytoanchuelo.com\/?p=4753"},"modified":"2020-04-28T18:45:45","modified_gmt":"2020-04-28T17:45:45","slug":"no-te-pierdas-la-santa-misa-en-honor-a-san-pedro-martir","status":"publish","type":"post","link":"https:\/\/aytoanchuelo.com\/index.php\/2020\/04\/27\/no-te-pierdas-la-santa-misa-en-honor-a-san-pedro-martir\/","title":{"rendered":"No te pierdas la Santa Misa en honor a San Pedro M\u00e1rtir"},"content":{"rendered":"\n<figure class=\"wp-block-image size-large\"><img loading=\"lazy\" decoding=\"async\" width=\"720\" height=\"960\" src=\"https:\/\/aytoanchuelo.com\/wp-content\/uploads\/2020\/04\/WhatsApp-Image-2020-04-27-at-14.14.11.jpeg\" alt=\"\" class=\"wp-image-4754\" srcset=\"https:\/\/aytoanchuelo.com\/wp-content\/uploads\/2020\/04\/WhatsApp-Image-2020-04-27-at-14.14.11.jpeg 720w, https:\/\/aytoanchuelo.com\/wp-content\/uploads\/2020\/04\/WhatsApp-Image-2020-04-27-at-14.14.11-225x300.jpeg 225w\" sizes=\"auto, (max-width: 720px) 100vw, 720px\" \/><\/figure>\n\n\n\n<p>Dada la imposibilidad de celebrar la misa en honor de San Pedro M\u00e1rtir que tendr\u00eda lugar el pr\u00f3ximo d\u00eda 29, el Ayuntamiento de Anchuelo y la Parroquia de Santa Mar\u00eda Magdalena retransmitiremos la Santa Misa en honor al Patr\u00f3n de Anchuelo, San Pedro M\u00e1rtir.<\/p>\n\n\n\n<p>La retransmisi\u00f3n tendr\u00e1 lugar el d\u00eda 29 de abril a las 12 de la ma\u00f1ana, a trav\u00e9s del canal de Youtube del Ayuntamiento.<\/p>\n\n\n\n<p>Para acceder a la retransmisi\u00f3n, simplemente ser\u00e1 necesario suscribirse al canal de Youtube del Ayuntamiento, a trav\u00e9s del bot\u00f3n de YouTube que est\u00e1 justo debajo de este p\u00e1rrafo.<\/p>\n\n\n<div class=\"wp-block-coblocks-social wp-block-coblocks-social-profiles is-style-icon-and-text has-text-align-center has-colors has-button-size-med\"><ul><li><a href=\"https:\/\/www.youtube.com\/watch?v=mbQy9bK1Jr8\" title=\"YouTube\" class=\"wp-block-button__link wp-block-coblocks-social__button wp-block-coblocks-social__button--youtube has-padding\" style=\"border-radius:40px\"><span class=\"wp-block-coblocks-social__icon\"><\/span><span class=\"wp-block-coblocks-social__text\">YouTube<\/span><\/a><\/li><\/ul><\/div>\n\n\n<p>Tambi\u00e9n podr\u00e1s visualizarla a trav\u00e9s de este reproductor<\/p>\n\n\n\n<iframe loading=\"lazy\" width=\"560\" height=\"315\" src=\"https:\/\/www.youtube.com\/embed\/mbQy9bK1Jr8\" frameborder=\"0\" allow=\"accelerometer; autoplay; encrypted-media; gyroscope; picture-in-picture\" allowfullscreen=\"\"><\/iframe>\n","protected":false},"excerpt":{"rendered":"<p>Dada la imposibilidad de celebrar la misa en honor de San Pedro M\u00e1rtir que tendr\u00eda lugar el pr\u00f3ximo d\u00eda 29, el Ayuntamiento de Anchuelo y la Parroquia de Santa Mar\u00eda Magdalena retransmitiremos la Santa Misa en honor al Patr\u00f3n de Anchuelo, San Pedro M\u00e1rtir. La retransmisi\u00f3n tendr\u00e1 lugar el d\u00eda [&hellip;]<\/p>\n","protected":false},"author":1,"featured_media":4754,"comment_status":"closed","ping_status":"closed","sticky":false,"template":"","format":"standard","meta":{"_coblocks_attr":"","_coblocks_dimensions":"","_coblocks_responsive_height":"","_coblocks_accordion_ie_support":"","footnotes":""},"categories":[87,35],"tags":[],"class_list":["post-4753","post","type-post","status-publish","format-standard","has-post-thumbnail","hentry","category-fiestas","category-noticias"],"_links":{"self":[{"href":"https:\/\/aytoanchuelo.com\/index.php\/wp-json\/wp\/v2\/posts\/4753","targetHints":{"allow":["GET"]}}],"collection":[{"href":"https:\/\/aytoanchuelo.com\/index.php\/wp-json\/wp\/v2\/posts"}],"about":[{"href":"https:\/\/aytoanchuelo.com\/index.php\/wp-json\/wp\/v2\/types\/post"}],"author":[{"embeddable":true,"href":"https:\/\/aytoanchuelo.com\/index.php\/wp-json\/wp\/v2\/users\/1"}],"replies":[{"embeddable":true,"href":"https:\/\/aytoanchuelo.com\/index.php\/wp-json\/wp\/v2\/comments?post=4753"}],"version-history":[{"count":4,"href":"https:\/\/aytoanchuelo.com\/index.php\/wp-json\/wp\/v2\/posts\/4753\/revisions"}],"predecessor-version":[{"id":4760,"href":"https:\/\/aytoanchuelo.com\/index.php\/wp-json\/wp\/v2\/posts\/4753\/revisions\/4760"}],"wp:featuredmedia":[{"embeddable":true,"href":"https:\/\/aytoanchuelo.com\/index.php\/wp-json\/wp\/v2\/media\/4754"}],"wp:attachment":[{"href":"https:\/\/aytoanchuelo.com\/index.php\/wp-json\/wp\/v2\/media?parent=4753"}],"wp:term":[{"taxonomy":"category","embeddable":true,"href":"https:\/\/aytoanchuelo.com\/index.php\/wp-json\/wp\/v2\/categories?post=4753"},{"taxonomy":"post_tag","embeddable":true,"href":"https:\/\/aytoanchuelo.com\/index.php\/wp-json\/wp\/v2\/tags?post=4753"}],"curies":[{"name":"wp","href":"https:\/\/api.w.org\/{rel}","templated":true}]}}