{"id":4728,"date":"2020-04-18T14:17:45","date_gmt":"2020-04-18T13:17:45","guid":{"rendered":"https:\/\/aytoanchuelo.com\/?p=4728"},"modified":"2020-04-19T23:48:01","modified_gmt":"2020-04-19T22:48:01","slug":"bando-del-alcalde-presidente-relativo-a-las-fiestas-de-san-pedro-martir","status":"publish","type":"post","link":"https:\/\/aytoanchuelo.com\/index.php\/2020\/04\/18\/bando-del-alcalde-presidente-relativo-a-las-fiestas-de-san-pedro-martir\/","title":{"rendered":"Bando del Alcalde-Presidente relativo a las fiestas de San Pedro M\u00e1rtir"},"content":{"rendered":"<p>Queridos vecinos:<\/p>\n<p>Permitidme que las primeras palabras sean de condolencia en nombre de toda la Corporaci\u00f3n Municipal con las familias que hab\u00e9is sufrido alg\u00fan fallecimiento en vuestros miembros durante esta pandemia.<br \/>\nTambi\u00e9n quiero como alcalde felicitar a todos los vecinos por el comportamiento c\u00edvico y de acuerdo con las indicaciones sanitarias que hab\u00e9is y segu\u00eds manteniendo. Ello ha producido que Anchuelo sea el pueblo de la zona este de la Comunidad con menos contagios por 1000 habitantes. No hay que bajar la guardia y continuar con las medidas aconsejadas hasta que se nos indique lo contrario.<br \/>\nLamentablemente, y como pod\u00e9is suponer, nos vemos obligados a aplazar las fiestas en honor de nuestro Patr\u00f3n San Pedro M\u00e1rtir.<br \/>\nComo acabo de decir, nuestra intenci\u00f3n es celebrarlas en otra fecha con un programa igual o semejante al de las fiestas de abril.<br \/>\nYa veremos y os comunicaremos si esto resulta posible.<br \/>\nPor encima de cualquier otra consideraci\u00f3n, la seguridad es lo primordial ante esta pandemia que ha producido miles de muertes en nuestro pa\u00eds y en el mundo entero.<br \/>\nOs animo a pedir a nuestro Santo el fin de los contagios y las muertes y a tenerle en el coraz\u00f3n durante los d\u00edas de su novena y de su fiesta.<br \/>\nNuestro P\u00e1rroco est\u00e1 dispuesto a celebrar la Santa Misa del santo el 29 de Abril a puerta cerrada y nosotros intentaremos que la celebraci\u00f3n se pueda seguir por YouTube desde nuestras casas.<br \/>\nQuiero acabar animando a todos, poniendo la vista en el final de esta enfermedad y en la vuelta a nuestras calles, plazas, bares y lugares de reuni\u00f3n con la enorme alegr\u00eda de volver a juntarnos y saludarnos y a disfrutar sanamente todos juntos. Estoy seguro de que lo conseguiremos y que cuento con todos vosotros para ello.<\/p>\n<p>Un abrazo a distancia para cada uno.<\/p>\n<p>Javier Doncel Fern\u00e1ndez<br \/>\nAlcalde-Presidente.<\/p>\n","protected":false},"excerpt":{"rendered":"<p>Queridos vecinos: Permitidme que las primeras palabras sean de condolencia en nombre de toda la Corporaci\u00f3n Municipal con las familias que hab\u00e9is sufrido alg\u00fan fallecimiento en vuestros miembros durante esta pandemia. Tambi\u00e9n quiero como alcalde felicitar a todos los vecinos por el comportamiento c\u00edvico y de acuerdo con las indicaciones [&hellip;]<\/p>\n","protected":false},"author":1,"featured_media":13,"comment_status":"closed","ping_status":"closed","sticky":false,"template":"","format":"standard","meta":{"_coblocks_attr":"","_coblocks_dimensions":"","_coblocks_responsive_height":"","_coblocks_accordion_ie_support":"","footnotes":""},"categories":[36,87,35],"tags":[],"class_list":["post-4728","post","type-post","status-publish","format-standard","has-post-thumbnail","hentry","category-ayuntamiento","category-fiestas","category-noticias"],"_links":{"self":[{"href":"https:\/\/aytoanchuelo.com\/index.php\/wp-json\/wp\/v2\/posts\/4728","targetHints":{"allow":["GET"]}}],"collection":[{"href":"https:\/\/aytoanchuelo.com\/index.php\/wp-json\/wp\/v2\/posts"}],"about":[{"href":"https:\/\/aytoanchuelo.com\/index.php\/wp-json\/wp\/v2\/types\/post"}],"author":[{"embeddable":true,"href":"https:\/\/aytoanchuelo.com\/index.php\/wp-json\/wp\/v2\/users\/1"}],"replies":[{"embeddable":true,"href":"https:\/\/aytoanchuelo.com\/index.php\/wp-json\/wp\/v2\/comments?post=4728"}],"version-history":[{"count":3,"href":"https:\/\/aytoanchuelo.com\/index.php\/wp-json\/wp\/v2\/posts\/4728\/revisions"}],"predecessor-version":[{"id":4733,"href":"https:\/\/aytoanchuelo.com\/index.php\/wp-json\/wp\/v2\/posts\/4728\/revisions\/4733"}],"wp:featuredmedia":[{"embeddable":true,"href":"https:\/\/aytoanchuelo.com\/index.php\/wp-json\/wp\/v2\/media\/13"}],"wp:attachment":[{"href":"https:\/\/aytoanchuelo.com\/index.php\/wp-json\/wp\/v2\/media?parent=4728"}],"wp:term":[{"taxonomy":"category","embeddable":true,"href":"https:\/\/aytoanchuelo.com\/index.php\/wp-json\/wp\/v2\/categories?post=4728"},{"taxonomy":"post_tag","embeddable":true,"href":"https:\/\/aytoanchuelo.com\/index.php\/wp-json\/wp\/v2\/tags?post=4728"}],"curies":[{"name":"wp","href":"https:\/\/api.w.org\/{rel}","templated":true}]}}