{"id":4624,"date":"2020-01-09T12:54:54","date_gmt":"2020-01-09T11:54:54","guid":{"rendered":"https:\/\/aytoanchuelo.com\/?p=4624"},"modified":"2020-01-10T11:46:51","modified_gmt":"2020-01-10T10:46:51","slug":"aprobacion-de-lista-definitiva-de-admitidos-y-excluidos-arquitecto-interino","status":"publish","type":"post","link":"https:\/\/aytoanchuelo.com\/index.php\/2020\/01\/09\/aprobacion-de-lista-definitiva-de-admitidos-y-excluidos-arquitecto-interino\/","title":{"rendered":"[ACTUALIZACI\u00d3N] Aprobaci\u00f3n de lista definitiva de admitidos y excluidos Arquitecto Interino"},"content":{"rendered":"\n<p>Por orden de la Presidencia de la Mancomunidad de Municipios del Alto Henares, de la que este Ayuntamiento de Anchuelo forma parte, se procede a la publicaci\u00f3n del listado definitivo de admitidos y excluidos para la plaza de Arquitecto Interino de la Mancomunidad.<\/p>\n\n\n\n<div class=\"wp-block-file\"><a href=\"https:\/\/aytoanchuelo.com\/wp-content\/uploads\/2020\/01\/FIRMA-ELECTR\u00d3NICA-ANUNCIO_2.pdf\">Lista definitiva de admitidos y excluidos Arquitecto Interino Mancomunidad<\/a><a href=\"https:\/\/aytoanchuelo.com\/wp-content\/uploads\/2020\/01\/FIRMA-ELECTR\u00d3NICA-ANUNCIO_2.pdf\" class=\"wp-block-file__button\" download>Descarga<\/a><\/div>\n\n\n\n<p>[ACTUALIZACI\u00d3N 10\/01\/2020]: Se ha procedido a una resoluci\u00f3n por la que se determina el orden de las entrevistas, que tendr\u00e1n una duraci\u00f3n aproximada de hasta 10 minutos.<\/p>\n\n\n\n<div class=\"wp-block-file aligncenter\"><a href=\"https:\/\/aytoanchuelo.com\/wp-content\/uploads\/2020\/01\/FIRMA-ELECTR\u00d3NICA-LETRA.pdf\">Resoluci\u00f3n de orden de entrevista plaza de arquitecto <\/a><a href=\"https:\/\/aytoanchuelo.com\/wp-content\/uploads\/2020\/01\/FIRMA-ELECTR\u00d3NICA-LETRA.pdf\" class=\"wp-block-file__button\" download>Descarga<\/a><\/div>\n","protected":false},"excerpt":{"rendered":"<p>Por orden de la Presidencia de la Mancomunidad de Municipios del Alto Henares, de la que este Ayuntamiento de Anchuelo forma parte, se procede a la publicaci\u00f3n del listado definitivo de admitidos y excluidos para la plaza de Arquitecto Interino de la Mancomunidad. [ACTUALIZACI\u00d3N 10\/01\/2020]: Se ha procedido a una [&hellip;]<\/p>\n","protected":false},"author":1,"featured_media":4582,"comment_status":"closed","ping_status":"closed","sticky":false,"template":"","format":"standard","meta":{"_coblocks_attr":"","_coblocks_dimensions":"","_coblocks_responsive_height":"","_coblocks_accordion_ie_support":"","footnotes":""},"categories":[83],"tags":[],"class_list":["post-4624","post","type-post","status-publish","format-standard","has-post-thumbnail","hentry","category-mancomunidad-de-municipios-del-alto-henares"],"_links":{"self":[{"href":"https:\/\/aytoanchuelo.com\/index.php\/wp-json\/wp\/v2\/posts\/4624","targetHints":{"allow":["GET"]}}],"collection":[{"href":"https:\/\/aytoanchuelo.com\/index.php\/wp-json\/wp\/v2\/posts"}],"about":[{"href":"https:\/\/aytoanchuelo.com\/index.php\/wp-json\/wp\/v2\/types\/post"}],"author":[{"embeddable":true,"href":"https:\/\/aytoanchuelo.com\/index.php\/wp-json\/wp\/v2\/users\/1"}],"replies":[{"embeddable":true,"href":"https:\/\/aytoanchuelo.com\/index.php\/wp-json\/wp\/v2\/comments?post=4624"}],"version-history":[{"count":4,"href":"https:\/\/aytoanchuelo.com\/index.php\/wp-json\/wp\/v2\/posts\/4624\/revisions"}],"predecessor-version":[{"id":4632,"href":"https:\/\/aytoanchuelo.com\/index.php\/wp-json\/wp\/v2\/posts\/4624\/revisions\/4632"}],"wp:featuredmedia":[{"embeddable":true,"href":"https:\/\/aytoanchuelo.com\/index.php\/wp-json\/wp\/v2\/media\/4582"}],"wp:attachment":[{"href":"https:\/\/aytoanchuelo.com\/index.php\/wp-json\/wp\/v2\/media?parent=4624"}],"wp:term":[{"taxonomy":"category","embeddable":true,"href":"https:\/\/aytoanchuelo.com\/index.php\/wp-json\/wp\/v2\/categories?post=4624"},{"taxonomy":"post_tag","embeddable":true,"href":"https:\/\/aytoanchuelo.com\/index.php\/wp-json\/wp\/v2\/tags?post=4624"}],"curies":[{"name":"wp","href":"https:\/\/api.w.org\/{rel}","templated":true}]}}