{"id":4570,"date":"2019-11-26T10:35:06","date_gmt":"2019-11-26T09:35:06","guid":{"rendered":"https:\/\/aytoanchuelo.com\/?p=4570"},"modified":"2019-11-28T18:25:46","modified_gmt":"2019-11-28T17:25:46","slug":"25n-2019-dia-internacional-contra-la-violencia-hacia-las-mujeres","status":"publish","type":"post","link":"https:\/\/aytoanchuelo.com\/index.php\/2019\/11\/26\/25n-2019-dia-internacional-contra-la-violencia-hacia-las-mujeres\/","title":{"rendered":"25N 2019 d\u00eda Internacional Contra la Violencia hacia las mujeres."},"content":{"rendered":"\n<figure class=\"wp-block-image size-large\"><img loading=\"lazy\" decoding=\"async\" width=\"724\" height=\"1024\" src=\"https:\/\/aytoanchuelo.com\/wp-content\/uploads\/2019\/11\/Cartel_violencia_2019-2-1-724x1024.jpg\" alt=\"\" class=\"wp-image-4572\" srcset=\"https:\/\/aytoanchuelo.com\/wp-content\/uploads\/2019\/11\/Cartel_violencia_2019-2-1-724x1024.jpg 724w, https:\/\/aytoanchuelo.com\/wp-content\/uploads\/2019\/11\/Cartel_violencia_2019-2-1-212x300.jpg 212w, https:\/\/aytoanchuelo.com\/wp-content\/uploads\/2019\/11\/Cartel_violencia_2019-2-1-768x1086.jpg 768w, https:\/\/aytoanchuelo.com\/wp-content\/uploads\/2019\/11\/Cartel_violencia_2019-2-1.jpg 842w\" sizes=\"auto, (max-width: 724px) 100vw, 724px\" \/><\/figure>\n\n\n\n<p>Con motivo del d\u00eda Internacional Contra la Violencia hacia las mujeres, este mi\u00e9rcoles d\u00eda 27 de noviembre a las 16:00 h, se va a realizar un taller denominado \u00abESTA HISTORIA ME ES FAMILIAR\u00bb, en el Centro Cultural, sita en Plaza Medio Celem\u00edn N\u00ba 5. <\/p>\n","protected":false},"excerpt":{"rendered":"<p>Con motivo del d\u00eda Internacional Contra la Violencia hacia las mujeres, este mi\u00e9rcoles d\u00eda 27 de noviembre a las 16:00 h, se va a realizar un taller denominado \u00abESTA HISTORIA ME ES FAMILIAR\u00bb, en el Centro Cultural, sita en Plaza Medio Celem\u00edn N\u00ba 5.<\/p>\n","protected":false},"author":2,"featured_media":4572,"comment_status":"closed","ping_status":"closed","sticky":false,"template":"","format":"standard","meta":{"_coblocks_attr":"","_coblocks_dimensions":"","_coblocks_responsive_height":"","_coblocks_accordion_ie_support":"","footnotes":""},"categories":[61,62],"tags":[],"class_list":["post-4570","post","type-post","status-publish","format-standard","has-post-thumbnail","hentry","category-cultura","category-educacion"],"_links":{"self":[{"href":"https:\/\/aytoanchuelo.com\/index.php\/wp-json\/wp\/v2\/posts\/4570","targetHints":{"allow":["GET"]}}],"collection":[{"href":"https:\/\/aytoanchuelo.com\/index.php\/wp-json\/wp\/v2\/posts"}],"about":[{"href":"https:\/\/aytoanchuelo.com\/index.php\/wp-json\/wp\/v2\/types\/post"}],"author":[{"embeddable":true,"href":"https:\/\/aytoanchuelo.com\/index.php\/wp-json\/wp\/v2\/users\/2"}],"replies":[{"embeddable":true,"href":"https:\/\/aytoanchuelo.com\/index.php\/wp-json\/wp\/v2\/comments?post=4570"}],"version-history":[{"count":1,"href":"https:\/\/aytoanchuelo.com\/index.php\/wp-json\/wp\/v2\/posts\/4570\/revisions"}],"predecessor-version":[{"id":4573,"href":"https:\/\/aytoanchuelo.com\/index.php\/wp-json\/wp\/v2\/posts\/4570\/revisions\/4573"}],"wp:featuredmedia":[{"embeddable":true,"href":"https:\/\/aytoanchuelo.com\/index.php\/wp-json\/wp\/v2\/media\/4572"}],"wp:attachment":[{"href":"https:\/\/aytoanchuelo.com\/index.php\/wp-json\/wp\/v2\/media?parent=4570"}],"wp:term":[{"taxonomy":"category","embeddable":true,"href":"https:\/\/aytoanchuelo.com\/index.php\/wp-json\/wp\/v2\/categories?post=4570"},{"taxonomy":"post_tag","embeddable":true,"href":"https:\/\/aytoanchuelo.com\/index.php\/wp-json\/wp\/v2\/tags?post=4570"}],"curies":[{"name":"wp","href":"https:\/\/api.w.org\/{rel}","templated":true}]}}