{"id":4532,"date":"2019-09-06T09:33:36","date_gmt":"2019-09-06T08:33:36","guid":{"rendered":"https:\/\/aytoanchuelo.com\/?p=4532"},"modified":"2019-09-06T09:43:49","modified_gmt":"2019-09-06T08:43:49","slug":"inicio-ruta-autobus-escolar","status":"publish","type":"post","link":"https:\/\/aytoanchuelo.com\/index.php\/2019\/09\/06\/inicio-ruta-autobus-escolar\/","title":{"rendered":"Inicio ruta autob\u00fas escolar"},"content":{"rendered":"\n<p>Por parte del I.E.S Don Pelayo, de los Hueros, hemos recibido la informaci\u00f3n para el inicio de curso, sobre el autob\u00fas escolar<\/p>\n\n\n\n<div class=\"wp-block-file\"><a href=\"https:\/\/aytoanchuelo.com\/wp-content\/uploads\/2019\/09\/RUTAS-DON-PELAYO-Primer-d\u00eda.pdf\">Rutas Don Pelayo &#8211; Primer D\u00eda<\/a><a href=\"https:\/\/aytoanchuelo.com\/wp-content\/uploads\/2019\/09\/RUTAS-DON-PELAYO-Primer-d\u00eda.pdf\" class=\"wp-block-file__button\" download>Descarga<\/a><\/div>\n\n\n\n<p>Para consultarlo, solo tienes que pulsar el bot\u00f3n \u00abdescarga\u00bb.<\/p>\n","protected":false},"excerpt":{"rendered":"<p>Por parte del I.E.S Don Pelayo, de los Hueros, hemos recibido la informaci\u00f3n para el inicio de curso, sobre el autob\u00fas escolar Para consultarlo, solo tienes que pulsar el bot\u00f3n \u00abdescarga\u00bb.<\/p>\n","protected":false},"author":1,"featured_media":4534,"comment_status":"open","ping_status":"closed","sticky":false,"template":"","format":"standard","meta":{"_coblocks_attr":"","_coblocks_dimensions":"","_coblocks_responsive_height":"","_coblocks_accordion_ie_support":"","footnotes":""},"categories":[62,77],"tags":[],"class_list":["post-4532","post","type-post","status-publish","format-standard","has-post-thumbnail","hentry","category-educacion","category-transporte"],"_links":{"self":[{"href":"https:\/\/aytoanchuelo.com\/index.php\/wp-json\/wp\/v2\/posts\/4532","targetHints":{"allow":["GET"]}}],"collection":[{"href":"https:\/\/aytoanchuelo.com\/index.php\/wp-json\/wp\/v2\/posts"}],"about":[{"href":"https:\/\/aytoanchuelo.com\/index.php\/wp-json\/wp\/v2\/types\/post"}],"author":[{"embeddable":true,"href":"https:\/\/aytoanchuelo.com\/index.php\/wp-json\/wp\/v2\/users\/1"}],"replies":[{"embeddable":true,"href":"https:\/\/aytoanchuelo.com\/index.php\/wp-json\/wp\/v2\/comments?post=4532"}],"version-history":[{"count":1,"href":"https:\/\/aytoanchuelo.com\/index.php\/wp-json\/wp\/v2\/posts\/4532\/revisions"}],"predecessor-version":[{"id":4536,"href":"https:\/\/aytoanchuelo.com\/index.php\/wp-json\/wp\/v2\/posts\/4532\/revisions\/4536"}],"wp:featuredmedia":[{"embeddable":true,"href":"https:\/\/aytoanchuelo.com\/index.php\/wp-json\/wp\/v2\/media\/4534"}],"wp:attachment":[{"href":"https:\/\/aytoanchuelo.com\/index.php\/wp-json\/wp\/v2\/media?parent=4532"}],"wp:term":[{"taxonomy":"category","embeddable":true,"href":"https:\/\/aytoanchuelo.com\/index.php\/wp-json\/wp\/v2\/categories?post=4532"},{"taxonomy":"post_tag","embeddable":true,"href":"https:\/\/aytoanchuelo.com\/index.php\/wp-json\/wp\/v2\/tags?post=4532"}],"curies":[{"name":"wp","href":"https:\/\/api.w.org\/{rel}","templated":true}]}}