{"id":4499,"date":"2019-07-31T10:54:47","date_gmt":"2019-07-31T09:54:47","guid":{"rendered":"https:\/\/aytoanchuelo.com\/?p=4499"},"modified":"2019-08-16T19:07:24","modified_gmt":"2019-08-16T18:07:24","slug":"fiesta-de-la-espuma-el-viernes-9-en-anchuelo","status":"publish","type":"post","link":"https:\/\/aytoanchuelo.com\/index.php\/2019\/07\/31\/fiesta-de-la-espuma-el-viernes-9-en-anchuelo\/","title":{"rendered":"Fiesta de la espuma, el viernes 9 en Anchuelo"},"content":{"rendered":"\n<figure class=\"wp-block-image alignwide\"><img loading=\"lazy\" decoding=\"async\" width=\"1024\" height=\"576\" src=\"https:\/\/aytoanchuelo.com\/wp-content\/uploads\/2019\/07\/Diapositiva1-1-1024x576.png\" alt=\"\" class=\"wp-image-4500\" srcset=\"https:\/\/aytoanchuelo.com\/wp-content\/uploads\/2019\/07\/Diapositiva1-1-1024x576.png 1024w, https:\/\/aytoanchuelo.com\/wp-content\/uploads\/2019\/07\/Diapositiva1-1-300x169.png 300w, https:\/\/aytoanchuelo.com\/wp-content\/uploads\/2019\/07\/Diapositiva1-1-768x432.png 768w, https:\/\/aytoanchuelo.com\/wp-content\/uploads\/2019\/07\/Diapositiva1-1.png 1280w\" sizes=\"auto, (max-width: 1024px) 100vw, 1024px\" \/><\/figure>\n\n\n\n<p><em>Anchuelo, 31 de julio de 2019.<\/em><\/p>\n\n\n\n<p>La Concejal\u00eda de Juventud como parte de una serie de actividades veraniegas que ha venido desarrollando, como por ejemplo <a href=\"https:\/\/aytoanchuelo.com\/index.php\/2019\/07\/28\/la-granja-viajera-pasa-por-anchuelo\/\">la granja viajera<\/a>, anuncia que se va a desarrollar una nueva actividad.<\/p>\n\n\n\n<p>Se trata de la <em>Fiesta de la Espuma<\/em>, la fiesta acu\u00e1tica por excelencia y m\u00e1s de moda para que los ni\u00f1os y j\u00f3venes del pueblo disfruten<\/p>\n\n\n\n<p>Ser\u00e1 en la <a href=\"https:\/\/aytoanchuelo.com\/index.php\/piscina-municipal\/\">Piscina Municipal<\/a> el pr\u00f3ximo 9 de agosto, a las 12:30, y como viene siendo costumbre, es totalmente <strong>gratis<\/strong>.<\/p>\n","protected":false},"excerpt":{"rendered":"<p>Anchuelo, 31 de julio de 2019. La Concejal\u00eda de Juventud como parte de una serie de actividades veraniegas que ha venido desarrollando, como por ejemplo la granja viajera, anuncia que se va a desarrollar una nueva actividad. Se trata de la Fiesta de la Espuma, la fiesta acu\u00e1tica por excelencia [&hellip;]<\/p>\n","protected":false},"author":1,"featured_media":4501,"comment_status":"open","ping_status":"closed","sticky":false,"template":"","format":"standard","meta":{"_coblocks_attr":"","_coblocks_dimensions":"","_coblocks_responsive_height":"","_coblocks_accordion_ie_support":"","footnotes":""},"categories":[61,65,63,35],"tags":[],"class_list":["post-4499","post","type-post","status-publish","format-standard","has-post-thumbnail","hentry","category-cultura","category-deportes","category-juventud","category-noticias"],"_links":{"self":[{"href":"https:\/\/aytoanchuelo.com\/index.php\/wp-json\/wp\/v2\/posts\/4499","targetHints":{"allow":["GET"]}}],"collection":[{"href":"https:\/\/aytoanchuelo.com\/index.php\/wp-json\/wp\/v2\/posts"}],"about":[{"href":"https:\/\/aytoanchuelo.com\/index.php\/wp-json\/wp\/v2\/types\/post"}],"author":[{"embeddable":true,"href":"https:\/\/aytoanchuelo.com\/index.php\/wp-json\/wp\/v2\/users\/1"}],"replies":[{"embeddable":true,"href":"https:\/\/aytoanchuelo.com\/index.php\/wp-json\/wp\/v2\/comments?post=4499"}],"version-history":[{"count":1,"href":"https:\/\/aytoanchuelo.com\/index.php\/wp-json\/wp\/v2\/posts\/4499\/revisions"}],"predecessor-version":[{"id":4502,"href":"https:\/\/aytoanchuelo.com\/index.php\/wp-json\/wp\/v2\/posts\/4499\/revisions\/4502"}],"wp:featuredmedia":[{"embeddable":true,"href":"https:\/\/aytoanchuelo.com\/index.php\/wp-json\/wp\/v2\/media\/4501"}],"wp:attachment":[{"href":"https:\/\/aytoanchuelo.com\/index.php\/wp-json\/wp\/v2\/media?parent=4499"}],"wp:term":[{"taxonomy":"category","embeddable":true,"href":"https:\/\/aytoanchuelo.com\/index.php\/wp-json\/wp\/v2\/categories?post=4499"},{"taxonomy":"post_tag","embeddable":true,"href":"https:\/\/aytoanchuelo.com\/index.php\/wp-json\/wp\/v2\/tags?post=4499"}],"curies":[{"name":"wp","href":"https:\/\/api.w.org\/{rel}","templated":true}]}}