{"id":4447,"date":"2019-07-08T10:53:43","date_gmt":"2019-07-08T09:53:43","guid":{"rendered":"https:\/\/aytoanchuelo.com\/?p=4447"},"modified":"2019-08-16T19:07:24","modified_gmt":"2019-08-16T18:07:24","slug":"arranca-el-cine-de-verano-con-3-peliculas-para-toda-la-familia","status":"publish","type":"post","link":"https:\/\/aytoanchuelo.com\/index.php\/2019\/07\/08\/arranca-el-cine-de-verano-con-3-peliculas-para-toda-la-familia\/","title":{"rendered":"Arranca el cine de verano con 3 pel\u00edculas para toda la familia"},"content":{"rendered":"\n<div class=\"wp-block-image\"><figure class=\"alignright\"><a href=\"https:\/\/aytoanchuelo.com\/wp-content\/uploads\/2019\/07\/Cartel-cine-verano_2019_page-0001.jpg\" target=\"_blank\" rel=\"noreferrer noopener\"><img loading=\"lazy\" decoding=\"async\" width=\"212\" height=\"300\" src=\"https:\/\/aytoanchuelo.com\/wp-content\/uploads\/2019\/07\/Cartel-cine-verano_2019_page-0001-212x300.jpg\" alt=\"\" class=\"wp-image-4449\" srcset=\"https:\/\/aytoanchuelo.com\/wp-content\/uploads\/2019\/07\/Cartel-cine-verano_2019_page-0001-212x300.jpg 212w, https:\/\/aytoanchuelo.com\/wp-content\/uploads\/2019\/07\/Cartel-cine-verano_2019_page-0001-768x1086.jpg 768w, https:\/\/aytoanchuelo.com\/wp-content\/uploads\/2019\/07\/Cartel-cine-verano_2019_page-0001-724x1024.jpg 724w, https:\/\/aytoanchuelo.com\/wp-content\/uploads\/2019\/07\/Cartel-cine-verano_2019_page-0001.jpg 1754w\" sizes=\"auto, (max-width: 212px) 100vw, 212px\" \/><\/a><figcaption><em>Cartel Cine de Verano Gratuito 2019<\/em><\/figcaption><\/figure><\/div>\n\n\n\n<p><em>Anchuelo, 11 de julio de 2019<\/em>. En este mes de julio, la AMPA del Colegio Rural Agrupado \u00abAmigos de la Paz\u00bb &#8211; Secci\u00f3n de Anchuelo ha iniciado su temporada de cine de verano donde, de manera gratuita se proyectar\u00e1n tres pel\u00edculas que har\u00e1n las delicias de peque\u00f1os y mayores.<\/p>\n\n\n\n<p>La primera, este viernes 12 con \u00abEl regreso de Mary Poppins\u00bb.<\/p>\n\n\n\n<p>La segunda, el viernes 19 con \u00abRalph rompe Internet\u00bb<\/p>\n\n\n\n<p>Y para finalizar, el viernes 26 con \u00abEl cascanueces y los cuatro reinos\u00bb.<\/p>\n\n\n\n<p>Cabe recordar que la asistencia es completamente gratuita y que solamente hay que llevar tu propia silla.<\/p>\n\n\n\n<p>Te esperamos en el Patio del Colegio de Anchuelo los viernes a las 22:00<\/p>\n\n\n\n<div class=\"wp-block-file aligncenter\"><a href=\"https:\/\/aytoanchuelo.com\/wp-content\/uploads\/2019\/07\/Cartel-cine-verano_2019.pdf\" target=\"_blank\" rel=\"noreferrer noopener\">Cartel Cine de Verano 2019<\/a><a href=\"https:\/\/aytoanchuelo.com\/wp-content\/uploads\/2019\/07\/Cartel-cine-verano_2019.pdf\" class=\"wp-block-file__button\" download>Descarga<\/a><\/div>\n","protected":false},"excerpt":{"rendered":"<p>Anchuelo, 11 de julio de 2019. En este mes de julio, la AMPA del Colegio Rural Agrupado \u00abAmigos de la Paz\u00bb &#8211; Secci\u00f3n de Anchuelo ha iniciado su temporada de cine de verano donde, de manera gratuita se proyectar\u00e1n tres pel\u00edculas que har\u00e1n las delicias de peque\u00f1os y mayores. La [&hellip;]<\/p>\n","protected":false},"author":1,"featured_media":4449,"comment_status":"open","ping_status":"closed","sticky":false,"template":"","format":"standard","meta":{"_coblocks_attr":"","_coblocks_dimensions":"","_coblocks_responsive_height":"","_coblocks_accordion_ie_support":"","footnotes":""},"categories":[61,62,63,35],"tags":[56,59,54,53,58,57,60,55],"class_list":["post-4447","post","type-post","status-publish","format-standard","has-post-thumbnail","hentry","category-cultura","category-educacion","category-juventud","category-noticias","tag-ampa","tag-cine","tag-cine-de-verano","tag-cultura","tag-disney","tag-educacion","tag-peliculas","tag-verano"],"_links":{"self":[{"href":"https:\/\/aytoanchuelo.com\/index.php\/wp-json\/wp\/v2\/posts\/4447","targetHints":{"allow":["GET"]}}],"collection":[{"href":"https:\/\/aytoanchuelo.com\/index.php\/wp-json\/wp\/v2\/posts"}],"about":[{"href":"https:\/\/aytoanchuelo.com\/index.php\/wp-json\/wp\/v2\/types\/post"}],"author":[{"embeddable":true,"href":"https:\/\/aytoanchuelo.com\/index.php\/wp-json\/wp\/v2\/users\/1"}],"replies":[{"embeddable":true,"href":"https:\/\/aytoanchuelo.com\/index.php\/wp-json\/wp\/v2\/comments?post=4447"}],"version-history":[{"count":4,"href":"https:\/\/aytoanchuelo.com\/index.php\/wp-json\/wp\/v2\/posts\/4447\/revisions"}],"predecessor-version":[{"id":4472,"href":"https:\/\/aytoanchuelo.com\/index.php\/wp-json\/wp\/v2\/posts\/4447\/revisions\/4472"}],"wp:featuredmedia":[{"embeddable":true,"href":"https:\/\/aytoanchuelo.com\/index.php\/wp-json\/wp\/v2\/media\/4449"}],"wp:attachment":[{"href":"https:\/\/aytoanchuelo.com\/index.php\/wp-json\/wp\/v2\/media?parent=4447"}],"wp:term":[{"taxonomy":"category","embeddable":true,"href":"https:\/\/aytoanchuelo.com\/index.php\/wp-json\/wp\/v2\/categories?post=4447"},{"taxonomy":"post_tag","embeddable":true,"href":"https:\/\/aytoanchuelo.com\/index.php\/wp-json\/wp\/v2\/tags?post=4447"}],"curies":[{"name":"wp","href":"https:\/\/api.w.org\/{rel}","templated":true}]}}